{"id":61,"date":"2017-11-12T11:24:24","date_gmt":"2017-11-12T10:24:24","guid":{"rendered":"http:\/\/blogs.elnortedecastilla.es\/miradordeclio\/?p=61"},"modified":"2017-11-12T11:24:24","modified_gmt":"2017-11-12T10:24:24","slug":"el-nacionalismo-en-los-conflictos-de-1917","status":"publish","type":"post","link":"https:\/\/blogs.elnortedecastilla.es\/miradordeclio\/2017\/11\/12\/el-nacionalismo-en-los-conflictos-de-1917\/","title":{"rendered":"El nacionalismo en los conflictos de 1917"},"content":{"rendered":"<p><strong>El nacionalismo en los conflictos de 1917 <\/strong><\/p>\n<p><strong>Pedro Carasa<\/strong><\/p>\n<p>El <strong>colonialismo, <\/strong>el <strong>nacionalismo, <\/strong>el <strong>imperialismo <\/strong>y el<strong> fascismo<\/strong> causaron en el siglo XX <strong>abundantes guerras<\/strong> calientes (dos mundiales, numerosas civiles y varias coloniales) y la Guerra Fr\u00eda. Tras desaparecer los viejos imperios coloniales espa\u00f1ol y portugu\u00e9s, un terremoto pol\u00edtico con <strong>epicentro en 1917<\/strong> arrumb\u00f3 los imperios alem\u00e1n, austroh\u00fangaro, ruso y otomano y alumbr\u00f3 la URSS. Con motivo de su centenario, recordamos c\u00f3mo los conflictos nacionalistas ese a\u00f1o <strong>mundializan <\/strong>la gran guerra, <strong>revolucionan<\/strong> Rusia, <strong>desequilibran<\/strong> el Estado espa\u00f1ol, <strong>rebelan<\/strong> a Catalu\u00f1a y <strong>agitan<\/strong> a Valladolid.<\/p>\n<p>El contexto fue la <strong>Gran Guerra, <\/strong>mundial desde la entrada de EEUU en <strong>1917,<\/strong> que produjo 10 millones de muertos, una sociedad empobrecida que perdi\u00f3 50 millones m\u00e1s por la gripe mundial, y una dram\u00e1tica deriva hacia revoluciones y nacionalismos.<\/p>\n<p>La <strong>Revoluci\u00f3n de 1917<\/strong> trastoc\u00f3 el capitalismo liberal y el orden social occidental. En febrero derroc\u00f3 la autocracia zarista de Nicol\u00e1s II y en octubre dio el poder a los bolcheviques de Lenin y gest\u00f3 la URSS. Para unos fue una liberaci\u00f3n de la sociedad, una utop\u00eda comunista de igualdad social. Aboli\u00f3 el feudalismo agrario y el capitalismo industrial y financiero. Busc\u00f3 la uni\u00f3n internacional para erradicar los nacionalismos belicosos e impulsar la descolonizaci\u00f3n. Su revoluci\u00f3n social sembr\u00f3 un incipiente Estado de Bienestar, alent\u00f3 la igualdad de hombre y mujer y produjo notables creaciones de arte y ciencia. Para otros el bolchevismo estalinista fue un aborto sangriento que fundi\u00f3 fascismo y comunismo, se convirti\u00f3 en un Estado bur\u00f3crata, totalitario y represor, caus\u00f3 un mill\u00f3n de v\u00edctimas y no cumpli\u00f3 la promesa socialista de la igualdad.<\/p>\n<p><strong>En Espa\u00f1a<\/strong> la neutralidad b\u00e9lica desabasteci\u00f3 y encareci\u00f3 los alimentos, enriqueci\u00f3 a los especuladores y empobreci\u00f3 al pueblo. La gripe de 1918 contagi\u00f3 a 8 millones y mat\u00f3 a 300.000 espa\u00f1oles. As\u00ed brot\u00f3 la profunda <strong>crisis del verano de 1917<\/strong> y luego una intensa conflictividad social en el trienio bolchevique de 1918-20. En 1917 tres conflictos doblegaron al Estado y derrocaron gobiernos: Uno<strong> militar<\/strong>, las <strong>Juntas de Defensa<\/strong>, otro<strong> nacionalista<\/strong> <strong>catal\u00e1n,<\/strong> la <strong>Asamblea de Parlamentarios<\/strong> y el tercero <strong>social,<\/strong> una <strong>huelga general<\/strong> revolucionaria.<\/p>\n<p>Las<strong> Juntas de Defensa<\/strong> fueron una especie de sindicato militar de africanistas, inquietos por ascender e irritados por el nacionalismo catal\u00e1n. Lograron <strong>imponerse al poder civil,<\/strong> forzar la dimisi\u00f3n de Garc\u00eda Prieto, exigir a Dato su legalizaci\u00f3n, suspender las garant\u00edas constitucionales y reforzar la censura de prensa.<\/p>\n<p>Ese mismo verano <strong>el nacionalismo catal\u00e1n<\/strong>, en la <strong>Asamblea de Parlamentarios,<\/strong> plante\u00f3 un grave reto al Estado. Hubo vanos intentos en 1906, pero fue en 1917 cuando se plante\u00f3 expl\u00edcitamente crear la regi\u00f3n aut\u00f3noma de Catalu\u00f1a. Tras morir Prat de la Riba, l\u00edder de la <strong>Lliga Regionalista<\/strong>, <strong>Camb\u00f3<\/strong> reuni\u00f3 a 48 diputados en Barcelona para exigir elecciones constituyentes y la autonom\u00eda catalana. <strong>Dato<\/strong> desprestigi\u00f3 la Asamblea como separatista, la disolvi\u00f3 como sediciosa, detuvo a sus participantes, suspendi\u00f3 peri\u00f3dicos y <strong>envi\u00f3 el ej\u00e9rcito a Barcelona<\/strong>. <strong>Camb\u00f3<\/strong> respondi\u00f3 que Catalu\u00f1a ten\u00eda la alta <strong>misi\u00f3n de salvar a Espa\u00f1a<\/strong> y de ser un <strong>modelo regional<\/strong> en este momento \u00e9pico y tr\u00e1gico de su historia. <strong>Alfonso XIII<\/strong> crey\u00f3 que los catalanes buscaban la <strong>independencia<\/strong> y gobernarse desde Barcelona, pero <strong>propuso<\/strong> a Camb\u00f3 formar un gobierno y <strong>celebrar elecciones<\/strong>. En Madrid se eligi\u00f3 a los ministros catalanes Ventosa y Rod\u00e9s, con los que se form\u00f3 el gobierno de concentraci\u00f3n de Garc\u00eda Prieto, excluyendo a los conservadores de Dato y a los liberales de Alba.<\/p>\n<p>&nbsp;<\/p>\n<p>En agosto de 1917, UGT y CNT convocan en <strong>Valencia<\/strong> una<strong> huelga general revolucionaria<\/strong> para cambiar la estructura pol\u00edtica y econ\u00f3mica del pa\u00eds, crear un gobierno provisional y acabar en elecciones constituyentes. Enseguida se extendi\u00f3 a Asturias, Vizcaya, Barcelona, Zaragoza, La Coru\u00f1a y <strong>Valladolid<\/strong>. El rey, para atajarla, sustituy\u00f3 a Dato y form\u00f3 el citado gobierno de concentraci\u00f3n de Garc\u00eda Prieto. La <strong>represi\u00f3n<\/strong> cost\u00f3 71 muertos, 156 heridos y 2000 detenidos. Largo Caballero, Saborit, Besteiro y Anguiano fueron <strong>condenados<\/strong> a cadena perpetua en un consejo de guerra. Luego los socialistas fueron <strong>amnistiados<\/strong> al ser elegidos en 1918 junto a Pablo Iglesias e Indalecio Prieto.<\/p>\n<p>Esta <strong>huelga revolucionaria <\/strong>de 1917 conmocion\u00f3 a<strong> Valladolid<\/strong>, donde los jornaleros ferroviarios, los de Prado, Gabilondo, Electra Popular y Sili\u00f3 padec\u00edan desabastecimiento, carest\u00eda y bajos salarios. Los sindicatos de la Compa\u00f1\u00eda del Norte hab\u00edan convocado en marzo una huelga de tres d\u00edas, pero en agosto la Uni\u00f3n Ferroviaria y el Sindicato del Norte proclamaron la <strong>huelga general<\/strong> en solidaridad con los despedidos en Valencia. Pararon 1338 de los 1627 ferroviarios vallisoletanos y acabaron despedidos el 15%. Se declar\u00f3 el <strong>estado de guerra<\/strong> en la ciudad hasta octubre. Fueron detenidos el concejal socialista \u00d3scar P\u00e9rez Sol\u00eds y el republicano Jos\u00e9 Garrote (fusilado en 1936), a quien luego 545 compa\u00f1eros ferroviarios firmaron un sentido homenaje. El peri\u00f3dico \u2018Adelante\u2019 se suspendi\u00f3 y se cerr\u00f3 la Casa del Pueblo.<\/p>\n<p>Recordando el centenario de 1917 y pensando en nuestra grave situaci\u00f3n actual, la historia nos advierte de que los <strong>nacionalismos<\/strong> siempre han levantado <strong>fronteras<\/strong> y <strong>muros<\/strong>, causado <strong>fracturas<\/strong> y <strong>desigualdades<\/strong> sociales y originado <strong>guerras<\/strong>.<\/p>\n<p>&nbsp;<\/p>\n<p>Editado en <em>El Norte de Castilla<\/em> del 11 de noviembre de 2017<\/p>\n","protected":false},"excerpt":{"rendered":"<p>El nacionalismo en los conflictos de 1917 Pedro Carasa El colonialismo, el nacionalismo, el imperialismo y el fascismo causaron en el siglo XX abundantes guerras calientes (dos mundiales, numerosas civiles y varias coloniales) y la Guerra Fr\u00eda. Tras desaparecer los viejos imperios coloniales espa\u00f1ol y portugu\u00e9s, un terremoto pol\u00edtico con epicentro en 1917 arrumb\u00f3 los [&hellip;]<\/p>\n","protected":false},"author":34,"featured_media":0,"comment_status":"open","ping_status":"closed","sticky":false,"template":"","format":"standard","meta":[],"categories":[1],"tags":[],"_links":{"self":[{"href":"https:\/\/blogs.elnortedecastilla.es\/miradordeclio\/wp-json\/wp\/v2\/posts\/61"}],"collection":[{"href":"https:\/\/blogs.elnortedecastilla.es\/miradordeclio\/wp-json\/wp\/v2\/posts"}],"about":[{"href":"https:\/\/blogs.elnortedecastilla.es\/miradordeclio\/wp-json\/wp\/v2\/types\/post"}],"author":[{"embeddable":true,"href":"https:\/\/blogs.elnortedecastilla.es\/miradordeclio\/wp-json\/wp\/v2\/users\/34"}],"replies":[{"embeddable":true,"href":"https:\/\/blogs.elnortedecastilla.es\/miradordeclio\/wp-json\/wp\/v2\/comments?post=61"}],"version-history":[{"count":2,"href":"https:\/\/blogs.elnortedecastilla.es\/miradordeclio\/wp-json\/wp\/v2\/posts\/61\/revisions"}],"predecessor-version":[{"id":63,"href":"https:\/\/blogs.elnortedecastilla.es\/miradordeclio\/wp-json\/wp\/v2\/posts\/61\/revisions\/63"}],"wp:attachment":[{"href":"https:\/\/blogs.elnortedecastilla.es\/miradordeclio\/wp-json\/wp\/v2\/media?parent=61"}],"wp:term":[{"taxonomy":"category","embeddable":true,"href":"https:\/\/blogs.elnortedecastilla.es\/miradordeclio\/wp-json\/wp\/v2\/categories?post=61"},{"taxonomy":"post_tag","embeddable":true,"href":"https:\/\/blogs.elnortedecastilla.es\/miradordeclio\/wp-json\/wp\/v2\/tags?post=61"}],"curies":[{"name":"wp","href":"https:\/\/api.w.org\/{rel}","templated":true}]}}