{"id":67,"date":"2018-01-22T12:12:07","date_gmt":"2018-01-22T11:12:07","guid":{"rendered":"http:\/\/blogs.elnortedecastilla.es\/miradordeclio\/?p=67"},"modified":"2018-01-22T12:12:07","modified_gmt":"2018-01-22T11:12:07","slug":"la-cuesta-de-enero","status":"publish","type":"post","link":"https:\/\/blogs.elnortedecastilla.es\/miradordeclio\/2018\/01\/22\/la-cuesta-de-enero\/","title":{"rendered":"La Cuesta de Enero"},"content":{"rendered":"<p><strong>La cuesta de enero<\/strong><\/p>\n<p>Pedro Carasa<\/p>\n<p>El <strong>tiempo<\/strong> es el motor de la tierra, del hombre y de la historia porque condiciona su origen, su evoluci\u00f3n, su cadencia y su fin. El mismo tiempo nos ha obligado a descubrir que la <strong>tierra<\/strong> no es plana, se mueve, evoluciona y se rige por rotaciones, traslaciones, estaciones y solsticios. Hemos comprendido tambi\u00e9n que el origen, crecimiento y vejez del <strong>hombre<\/strong> est\u00e1n inexorablemente ritmados por el tiempo. Los historiadores sabemos que el impulsor de la <strong>historia<\/strong> es tambi\u00e9n el tiempo que genera cambios que obligan a las sociedades a evolucionar, romper permanencias, superar retrocesos y alcanzar el progreso de la humanidad.<\/p>\n<p>Por esta raz\u00f3n existen ritmos, impulsos, fases o <strong>ciclos<\/strong> que pautan regularmente la evoluci\u00f3n natural, la vida humana y las etapas hist\u00f3ricas. Tambi\u00e9n por esa causa ordenamos el pasado en \u00e9pocas, coyunturas, oscilaciones y fechas, y jalonamos el ciclo vital humano en infancia, juventud, madurez y vejez. Al observar el historiador que la sociedad es guiada por tales <strong>cadencias regulares<\/strong>, se pregunta qui\u00e9n las <strong>gestiona<\/strong> y a qui\u00e9n <strong>benefician<\/strong>. Es notorio que esos ritmos en la etapa hist\u00f3rica del antiguo r\u00e9gimen han sido causados y aprovechados por la tierra, el clima y las <strong>fuerzas naturales<\/strong>, celebrados por los ritos religiosos, y han contribuido a hacer sostenible la alimentaci\u00f3n, el trabajo y la vecindad del hombre. Sin embargo, en la posterior econom\u00eda industrial, y m\u00e1s a\u00fan en la globalizaci\u00f3n neoliberal que nos gobierna, quien conduce, aprovecha y dirige estos ciclos en su propio beneficio es el <strong>dios mercado<\/strong>, el capital financiero y los intereses de los grandes gestores de la cultura.<\/p>\n<p>Los ritmos reproductivos del hombre en la historia medieval y moderna han dibujado ciclos de <strong>amores<\/strong> y concepciones primaverales, <strong>nacimientos<\/strong> invernales y <strong>defunciones<\/strong> oto\u00f1ales, celebrados paralelamente por la liturgia de la pascua, la navidad y los difuntos. Tambi\u00e9n la econom\u00eda agraria y de subsistencia era ritmada por las estaciones clim\u00e1ticas de la <strong>sementera<\/strong> oto\u00f1al, la <strong>germinaci\u00f3n<\/strong> primaveral y la <strong>cosecha<\/strong> estival. Tales cadencias estacionales agr\u00edcolas arrastraban a toda la vida social e influ\u00edan en fiestas, ceremonias religiosas, alimentos, contratos de trabajo, mercados y otras actividades culturales. Sonorizaban estos hitos los toques de campana de maitines, \u00e1ngelus y v\u00edsperas. Las mismas <strong>pautas<\/strong> acompasaban tambi\u00e9n el <strong>consumo<\/strong>, desahogado por la abundancia en verano y oto\u00f1o, moderado por las matanzas y sus carnes curadas en el invierno y constre\u00f1ido en los momentos de escasez y abstinencia, durante los meses de soldadura de las cosechas, a base de remojado curadillo o abadejo. Se aprovechaba as\u00ed la secuencia de productos estacionales de verduras, frutas, cereales, legumbres, salazones y conservas. M\u00e1s a\u00fan, este mismo comp\u00e1s c\u00edclico generaba <strong>carest\u00edas<\/strong>, falta de trigo en la troje y escasez de quesos en el desv\u00e1n, que causaban una conflictividad social y pol\u00edtica de inquietantes <strong>motines<\/strong> y agobiante abundancia de <strong>mendigos<\/strong>. En todo caso, quien ordenaba los ciclos de la vida era la <strong>naturaleza<\/strong>, el clima y el calendario religioso, que consegu\u00edan una supervivencia arm\u00f3nica del hombre con la tierra y el ganado.<\/p>\n<p>La econom\u00eda industrializada y ahora el <strong>liberalismo globalizado<\/strong> han marginado a la naturaleza y entregado el mando de las fluctuaciones al <strong>mercado<\/strong> y su ley de oferta\/demanda. Los productos y el ocio oscilan seg\u00fan ondas gobernadas por las rebajas del <strong>marketing<\/strong>, el consumo es movido por la <strong>publicidad<\/strong>, y \u00e9sta es pagada por los fabricantes que necesitan vender. De este modo, los precios y los servicios fluct\u00faan por los intereses del <strong>productor<\/strong> y no del consumidor. Y el resultado es que toda nuestra <strong>vida es c\u00edclica<\/strong>, el consumo el\u00e9ctrico, el trending topic de las redes sociales, los accesos a las ciudades y la hora punta del metro. Sucede en los medios de comunicaci\u00f3n, que compiten por el prime time de <strong>audiencia<\/strong> por medio de programas pensados para gustar a los <strong>espectadores<\/strong>, mejor dicho, ahormando al p\u00fablico a disfrutar con reality shows, concursos de cocina, canto o costura.<\/p>\n<p>Se ha extendido as\u00ed un <strong>populismo comercial<\/strong> vendedor de demandas f\u00e1ciles de producir y c\u00f3modas de rentabilizar, un <strong>populismo cultural<\/strong> que ofrece diversiones banales y un <strong>populismo pol\u00edtico<\/strong> que infantiliza al p\u00fablico con identidades y banderas. Dominan las tendencias de deporte, exposiciones o propuestas pol\u00edticas que huyen de contenidos cr\u00edticos y evitan reflexiones impertinentes.<\/p>\n<p>Traemos esta reflexi\u00f3n sobre el tiempo y los ciclos para mirar con ojos de historiador la <strong>cuesta de enero<\/strong>. Es el mes que cierra con la depresi\u00f3n la anterior expansi\u00f3n navide\u00f1a. Su empinado nombre se debe al esfuerzo que se pide al consumidor, al que se empuja a que gaste lo que no tiene y a que escale los <strong>altos precios<\/strong> con las botas rotas de unos <strong>extenuados salarios<\/strong>. M\u00e1s lacerante a\u00fan, es un ciclo aprovechado por el dios mercado parar sacar la m\u00e1xima ventaja comercial de una capacidad adquisitiva agotada y dar salida al excedente de productos no comercializados. Pero tranquilos, que la cuesta de enero ser\u00e1 inmediatamente <strong>aliviada<\/strong> por las <strong>rebajas<\/strong>, para que compres lo que no necesitas y gastes m\u00e1s de lo que debes.<\/p>\n<p>Aparecido en la edici\u00f3n impresa del 13 enero de 2018<\/p>\n","protected":false},"excerpt":{"rendered":"<p>La cuesta de enero Pedro Carasa El tiempo es el motor de la tierra, del hombre y de la historia porque condiciona su origen, su evoluci\u00f3n, su cadencia y su fin. El mismo tiempo nos ha obligado a descubrir que la tierra no es plana, se mueve, evoluciona y se rige por rotaciones, traslaciones, estaciones [&hellip;]<\/p>\n","protected":false},"author":34,"featured_media":0,"comment_status":"open","ping_status":"closed","sticky":false,"template":"","format":"standard","meta":[],"categories":[1],"tags":[],"_links":{"self":[{"href":"https:\/\/blogs.elnortedecastilla.es\/miradordeclio\/wp-json\/wp\/v2\/posts\/67"}],"collection":[{"href":"https:\/\/blogs.elnortedecastilla.es\/miradordeclio\/wp-json\/wp\/v2\/posts"}],"about":[{"href":"https:\/\/blogs.elnortedecastilla.es\/miradordeclio\/wp-json\/wp\/v2\/types\/post"}],"author":[{"embeddable":true,"href":"https:\/\/blogs.elnortedecastilla.es\/miradordeclio\/wp-json\/wp\/v2\/users\/34"}],"replies":[{"embeddable":true,"href":"https:\/\/blogs.elnortedecastilla.es\/miradordeclio\/wp-json\/wp\/v2\/comments?post=67"}],"version-history":[{"count":1,"href":"https:\/\/blogs.elnortedecastilla.es\/miradordeclio\/wp-json\/wp\/v2\/posts\/67\/revisions"}],"predecessor-version":[{"id":68,"href":"https:\/\/blogs.elnortedecastilla.es\/miradordeclio\/wp-json\/wp\/v2\/posts\/67\/revisions\/68"}],"wp:attachment":[{"href":"https:\/\/blogs.elnortedecastilla.es\/miradordeclio\/wp-json\/wp\/v2\/media?parent=67"}],"wp:term":[{"taxonomy":"category","embeddable":true,"href":"https:\/\/blogs.elnortedecastilla.es\/miradordeclio\/wp-json\/wp\/v2\/categories?post=67"},{"taxonomy":"post_tag","embeddable":true,"href":"https:\/\/blogs.elnortedecastilla.es\/miradordeclio\/wp-json\/wp\/v2\/tags?post=67"}],"curies":[{"name":"wp","href":"https:\/\/api.w.org\/{rel}","templated":true}]}}