{"id":70,"date":"2018-02-11T12:34:20","date_gmt":"2018-02-11T11:34:20","guid":{"rendered":"http:\/\/blogs.elnortedecastilla.es\/miradordeclio\/?p=70"},"modified":"2018-02-11T12:34:20","modified_gmt":"2018-02-11T11:34:20","slug":"el-proces-simbolico-de-mentirijillas","status":"publish","type":"post","link":"https:\/\/blogs.elnortedecastilla.es\/miradordeclio\/2018\/02\/11\/el-proces-simbolico-de-mentirijillas\/","title":{"rendered":"El proc\u00e9s simb\u00f3lico (de mentirijillas)"},"content":{"rendered":"<p><strong>\u00a0<\/strong>Pedro Carasa<\/p>\n<p>El poder ha tendido siempre a <strong>concentrarse<\/strong> en manos de aut\u00f3cratas y dictadores, precisamente para evitarlo se idearon sistemas de control, representaci\u00f3n y socializaci\u00f3n pol\u00edtica. Someten las sociedades a intereses personales, las privan de participaci\u00f3n y libertad y acaban generando guerras. Estos procesos suelen tener <strong>or\u00edgenes inventados<\/strong>, m\u00edticos, religiosos o militares. Interminable ha sido la retah\u00edla hist\u00f3rica de tiranos, s\u00e1trapas, absolutistas, d\u00e9spotas, caudillos, patriotas, nazis o fascistas. Incluso algunos fueron elegidos, pero los votos nunca los eximieron de sus delitos ni les dieron impunidad. Sabemos que los <strong>nacionalismos <\/strong>han sido el caldo de cultivo o la consecuencia de estas culturas <strong>egocentristas<\/strong>, conocemos su inflamaci\u00f3n identitaria, su hinchaz\u00f3n de liderazgo y sus <strong>cismas<\/strong> internos.<\/p>\n<p>Abundaron en la historia de Europa y Am\u00e9rica los <strong>modelos autoritarios y b\u00e9licos<\/strong> relacionados con el nacionalismo y el proteccionismo. De derechas o izquierdas, militares o civiles, religiosos o laicos, todos <strong>pusieron la sociedad<\/strong>, las leyes y los partidos a su servicio. Lo practicaron el eg\u00f3latra <strong>Napole\u00f3n<\/strong> con toda Europa a sus pies, el personalismo <strong>estalinista<\/strong>, el paroxismo ario <strong>nazi<\/strong>, el <strong>fascismo<\/strong> del Duce, la <strong>dictadura<\/strong> de Primo de Rivera y el <strong>Caudillo<\/strong> enviado para salvar a Espa\u00f1a de masones y comunistas. Lo contin\u00faan hoy los <strong>populistas<\/strong> Putin, Trump, <strong>dictadores<\/strong> latinoamericanos, nacionalistas y <strong>xen\u00f3fobos<\/strong> europeos como el <strong>Bloque Flamenco<\/strong> que ha acogido a Puigdemont.<\/p>\n<p>Tambi\u00e9n est\u00e1 sucediendo <strong>en Espa\u00f1a<\/strong>. Desde la Transici\u00f3n comenz\u00f3 <strong>la izquierda<\/strong> perdiendo sus ra\u00edces de igualdad al embelesarse con el nacionalismo y rendirse a la identidad. No lo mejoraron los indignados<strong> populistas<\/strong> al rehacer la Transici\u00f3n, eliminar las ideolog\u00edas, regenerar la democracia, contentar al pueblo en la calle, expulsar a la casta corrupta de las instituciones, e inexplicablemente apoyar a los nacionalismos. Aquella esperanzada<strong> utop\u00eda<\/strong> se convirti\u00f3 en poder antisistema y acab\u00f3 erosionando el Estado de derecho desde el esca\u00f1o y la calle. La fusi\u00f3n (mejor confusi\u00f3n) del nacionalismo soberanista, populismo y contracapitalismo ha roto el equilibrio territorial espa\u00f1ol, ha olvidado la igualdad social, y ha abierto una grave <strong>guerra civil pol\u00edtica<\/strong> que no ha hecho m\u00e1s que empezar.<\/p>\n<p>La burgues\u00eda catalanista que ahora lo lidera fue educada en un nacionalismo de sabor <strong>carlista<\/strong>, olor a incienso y color <strong>antiliberal <\/strong>propio de las Bases de Manresa (1892), la <strong>Moreneta<\/strong> y los abades de Montserrat, desde Escarr\u00e9 a Soler. Se amamantaron en el seno religioso del monasterio y gustaron usar vocablos <strong>militantes<\/strong> como mes\u00edas enviado, santuario nacional, honorables y sacrificios patri\u00f3ticos. La versi\u00f3n tradicional de <strong>El Segadors<\/strong> hablaba de c\u00e1lices, patenas y sacramentos. \u00a0Los l\u00edderes se creyeron <strong>ap\u00f3stoles<\/strong>, predicaron envueltos en banderas ardorosas, se victimizaron como m\u00e1rtires y gustaron de un <strong>culto nacional<\/strong> a su persona. Como creyentes ortodoxos despreciaron a los no nacionalistas y como <strong>maniqueos <\/strong>dividieron la sociedad entre buenos y malos.<\/p>\n<p>El complejo de superioridad de los secesionistas los convierte hoy en <strong>eg\u00f3cratas<\/strong>. Como los <strong>autistas<\/strong>, se desinteresan de lo exterior, se ensimisman en una burbuja desconectada de la sociedad, no codifican el lenguaje real, no tienen interacci\u00f3n ni comunicaci\u00f3n social, adaptan su memoria y su historia a sus designios, viven de gestos y conceptos estereotipados y repetitivos, se obsesionan por banderas, bufandas y lazos, y no son conscientes del drama que est\u00e1n gestando.<\/p>\n<p>La supremac\u00eda de un pueblo es siempre una <strong>invenci\u00f3n narcisista<\/strong> y sus l\u00edderes se creen imprescindibles, porque la patria se muere cuando ellos desaparecen. Ese mensaje se consolida en el <strong>adoctrinamiento<\/strong> educativo y se difunde por los medios adictos de papel y pantalla. Las redes sociales lo socializan y creen <strong>ciertas las mentiras<\/strong> \u00fatiles para glorificar la naci\u00f3n. Sus dirigentes aparecen como showmans obsesivos que exaltan su persona y hacen girar todo en torno a sus problemas pol\u00edticos y procesales. Han creado un mundo de Alicia en el pa\u00eds de las rep\u00fablicas, que es un carnaval indigno e impropio del pueblo catal\u00e1n.<\/p>\n<p>Han roto el Estado de derecho, han incumplido la Constituci\u00f3n, han quebrantado el Estatut, han atropellado el Parlament y han expulsado 3000 empresas. Manejan un concepto de <strong>democracia infantil<\/strong>, envilecen las elecciones con recuentos que dan mayor\u00edas pol\u00edticas sin mayor\u00edas sociales. Manejan el refer\u00e9ndum como <strong>plebiscito de dictador<\/strong> para preguntar si conmigo o contra m\u00ed. No reconocen los tribunales, subordinan a los mossos y convierten al <strong>Bar\u00e7a<\/strong> en altavoz nacionalista. Con su decimon\u00f3nico independentismo y sus ense\u00f1as esteladas pretenden <strong>tapar su corrupto<\/strong> uso de fondos p\u00fablicos, borrar sus delitos e inmunizar sus personas.<\/p>\n<p>Abandonan la pol\u00edtica social de servicios a los ciudadanos y crean <strong>mundos fabulados<\/strong> que llaman <strong>simb\u00f3licos<\/strong>. Confunden la fuga con el exilio, la naci\u00f3n con el poder personal, la autonom\u00eda con la rep\u00fablica, el delincuente con el h\u00e9roe. Su universo surrealista permite dos mundos paralelos, uno real y otro simb\u00f3lico, dos presidentes, dos parlamentos, dos capitales, dos Catalu\u00f1as. El s\u00edmbolo es una <strong>mentira<\/strong> para continuar la falsa rep\u00fablica, copar poder personal y tapar sus delitos.<\/p>\n<p>Como unos monaguillos tras romper el c\u00e1liz, dicen que era de mentirijillas para que no les ri\u00f1a el cura. Pero sus juegos pueden ser dram\u00e1ticos para el futuro de Espa\u00f1a.<\/p>\n<p>Editado en <em>El Norte de Castilla<\/em> del 10 de febrero de 2018<\/p>\n","protected":false},"excerpt":{"rendered":"<p>\u00a0Pedro Carasa El poder ha tendido siempre a concentrarse en manos de aut\u00f3cratas y dictadores, precisamente para evitarlo se idearon sistemas de control, representaci\u00f3n y socializaci\u00f3n pol\u00edtica. Someten las sociedades a intereses personales, las privan de participaci\u00f3n y libertad y acaban generando guerras. Estos procesos suelen tener or\u00edgenes inventados, m\u00edticos, religiosos o militares. Interminable ha [&hellip;]<\/p>\n","protected":false},"author":34,"featured_media":0,"comment_status":"open","ping_status":"closed","sticky":false,"template":"","format":"standard","meta":[],"categories":[1],"tags":[],"_links":{"self":[{"href":"https:\/\/blogs.elnortedecastilla.es\/miradordeclio\/wp-json\/wp\/v2\/posts\/70"}],"collection":[{"href":"https:\/\/blogs.elnortedecastilla.es\/miradordeclio\/wp-json\/wp\/v2\/posts"}],"about":[{"href":"https:\/\/blogs.elnortedecastilla.es\/miradordeclio\/wp-json\/wp\/v2\/types\/post"}],"author":[{"embeddable":true,"href":"https:\/\/blogs.elnortedecastilla.es\/miradordeclio\/wp-json\/wp\/v2\/users\/34"}],"replies":[{"embeddable":true,"href":"https:\/\/blogs.elnortedecastilla.es\/miradordeclio\/wp-json\/wp\/v2\/comments?post=70"}],"version-history":[{"count":2,"href":"https:\/\/blogs.elnortedecastilla.es\/miradordeclio\/wp-json\/wp\/v2\/posts\/70\/revisions"}],"predecessor-version":[{"id":72,"href":"https:\/\/blogs.elnortedecastilla.es\/miradordeclio\/wp-json\/wp\/v2\/posts\/70\/revisions\/72"}],"wp:attachment":[{"href":"https:\/\/blogs.elnortedecastilla.es\/miradordeclio\/wp-json\/wp\/v2\/media?parent=70"}],"wp:term":[{"taxonomy":"category","embeddable":true,"href":"https:\/\/blogs.elnortedecastilla.es\/miradordeclio\/wp-json\/wp\/v2\/categories?post=70"},{"taxonomy":"post_tag","embeddable":true,"href":"https:\/\/blogs.elnortedecastilla.es\/miradordeclio\/wp-json\/wp\/v2\/tags?post=70"}],"curies":[{"name":"wp","href":"https:\/\/api.w.org\/{rel}","templated":true}]}}