{"id":1708,"date":"2022-10-06T20:00:11","date_gmt":"2022-10-06T20:00:11","guid":{"rendered":"https:\/\/blogs.elnortedecastilla.es\/nilocosnicuerdos\/?p=1708"},"modified":"2022-10-10T20:58:25","modified_gmt":"2022-10-10T20:58:25","slug":"el-periodista-poeta","status":"publish","type":"post","link":"https:\/\/blogs.elnortedecastilla.es\/nilocosnicuerdos\/2022\/10\/06\/el-periodista-poeta\/","title":{"rendered":"El periodista poeta"},"content":{"rendered":"<p><span style=\"font-weight: 400; font-size: 18pt;\"><strong>El tiempo tritura todo, personas incluidas<\/strong>, y tambi\u00e9n le ha triturado a \u00e9l. A \u00e9l y a su periodismo creativo, literario, teatral. Ten\u00eda un nombre art\u00edstico, y esto ya lo dice casi todo. Le bast\u00f3 aplicar el <em>principio de econom\u00eda de palabra y prolongaci\u00f3n de silencios<\/em> que descubri\u00f3 por casualidad. De Jes\u00fas Rodr\u00edguez Quintero se qued\u00f3 en Jes\u00fas Quintero, como hacen muchos cantantes y otros artistas. Perdido en los papeles con las preguntas que escrib\u00eda junto a varios guionistas-<em>negros<\/em> (de tanta agudeza como Ra\u00fal del Pozo, Manuel Vicent, etc.), al parecer le ocurri\u00f3 varias veces que se quedaba en silencio tratando de recordar o encontrar la siguiente pregunta, y comprob\u00f3 que este silencio estimulaba la respuesta del entrevistado. Quiz\u00e1 por un cierto <em>horror vacui<\/em> insoportable ante el micr\u00f3fono y las c\u00e1maras. Fuese este o no el motivo, la cosa funcionaba, y empez\u00f3 a perfeccionar la t\u00e9cnica. Preguntas breves, certeras, muy estudiadas, entendidas como dardos que deb\u00edan dar en el centro de una diana (aunque nunca sabremos cu\u00e1les fueron suyas y cu\u00e1les de los <em>negros<\/em>), combinadas con largos silencios y una histri\u00f3nica gestualidad. <strong>Histrionismo y narcisismo<\/strong> de miraditas profundas, sonrisas, risas contenidas hasta que explotaban y se prolongaban en aparatoso eco tanto o m\u00e1s que los silencios, rizos por decenas en perfecto desorden, mil fulares y chalecos de colores. Quer\u00eda ser tan protagonista o m\u00e1s que el propio entrevistado, y por eso plant\u00f3 a la Caball\u00e9: &#8220;\u00a1Pa divos ya estoy yo!&#8221;. Quiso ser actor de joven, pero tir\u00f3 hacia el periodismo. Sin olvidar su vocaci\u00f3n teatral, todo lo contrario. Sus entrevistas no solo eran <em>art\u00edsticas<\/em> en los contenidos reflexivos, literarios, po\u00e9ticos, sino tambi\u00e9n y de manera muy especial en las formas, con un tratamiento escenogr\u00e1fico de luces, sombras, penumbras, ausencia de decorados, escenario desnudo, grandes micr\u00f3fonos de color oro, etc. <strong>Todo muy teatral y cinematogr\u00e1fico<\/strong>. Y tambi\u00e9n musical, con una voz c\u00e1lida que sab\u00eda modular y entonar con gran destreza. Algunos de sus propios primeros planos en el papel de histri\u00f3n andaluz lleno de sorna, de p\u00edcaro barroco, y sobre todo de los rostros de sus entrevistad@s, son antol\u00f3gicos. La imagen (no cualquier imagen, por supuesto) dice m\u00e1s que mil palabras, aunque sean palabras po\u00e9ticas. Combin\u00f3 con maestr\u00eda ambos niveles de comunicaci\u00f3n. Lograba sacar lo m\u00e1s hondo de las personas por medio de la palabra y la expresi\u00f3n de sus caras, que todav\u00eda sigue siendo en ocasiones el espejo del alma. Nunca fue ni se consider\u00f3 un periodista entrevistador con el esquema convencional, de Facultad, directo, ortodoxo, simple, de preguntas y respuestas. Utiliz\u00f3 una t\u00e9cnica de entrevista pausada, introspectiva, compleja, creando una atm\u00f3sfera de comunicaci\u00f3n m\u00e1s veraz y productiva. Silencio \/ dardo, dardo \/ silencio. Los dardos llegaban dentro, casi siempre ben\u00e9ficos. Contaban con el benepl\u00e1cito de los entrevistados. \u00a1Los silencios eran &#8216;peores&#8217;&#8230; o mejores a\u00fan!\u00a0<strong>&#8216;Psicoanalista&#8217; que no juzgaba nada ni a nadie<\/strong>. En estos <strong>tiempos de comunicaci\u00f3n prefabricada<\/strong>, de WhatsApp y redes sociales, radios y programas de televisi\u00f3n veloces, de tuits y mensajes de dos l\u00edneas, de memes toscos, simplistas, maleducados y agresivos, su estilo de periodismo est\u00e1 anticuado por completo. Actor, personaje de s\u00ed mismo, heter\u00f3nimo y tan artista como muchos de los que entrevistaba. Presumido, coqueto, muy narcisista, le aterraba el paso del tiempo, la decrepitud, el envejecimiento y la muerte. Que ya le lleg\u00f3. Dorian Gray exquisitamente educado y respetuoso. Elegante. Caballero. Un dandi \u00e1crata con inclinaciones izquierdistas de coraz\u00f3n, aunque siempre poniendo por delante la individualidad, la independencia, el librepensamiento. Un eg\u00f3latra \u00fatil a los dem\u00e1s. Un cuerdo alocado, pero muy cuerdo. Raro para la norma. Con una inteligencia superior a lo normal. La inteligencia de los que destacan, de los <em>perros verdes<\/em> y los <em>ratones coloraos.<\/em> Rom\u00e1ntico, sentimental, idealista. <strong>Un Quijote medi\u00e1tico de mirada m\u00faltiple<\/strong>. Que igual que Vel\u00e1zquez, retrat\u00f3 en sus entrevistas tanto a grandes y poderosos como a bufones y marginales. Polifon\u00eda de lo humano. Pero sobre todo a gentes de escenario (no recuerdo entrevistas a cient\u00edficos, la escenograf\u00eda seguramente no estaba pensada para ellos). El arte, el teatro, le elev\u00f3 en su profesi\u00f3n, pero tambi\u00e9n le hundi\u00f3 finalmente en sus negocios y en su vida. El Teatro Quintero de Sevilla al parecer fue su ruina. O quiz\u00e1 su ruina, como la de todos, fueron los a\u00f1os. Los poetas son las voces de la tribu que dicen las grandes verdades y proclaman los grandes ideales. Con sutileza, con profundidad, con belleza. Mientras tanto, la tribu sigue a lo suyo, como de costumbre. Oye, pero de lejos. Aunque parte de raz\u00f3n no le falta. <strong>Un mundo de poetas o guiado por poetas ser\u00eda el m\u00e1s est\u00e9tico y elevado caos. <\/strong>Un mundo de Quijotes, el m\u00e1s perfecto desastre pragm\u00e1tico para una sociedad. As\u00ed pues, con un bello poema que grab\u00f3 en audio, <em>El viaje definitivo,\u00a0<\/em>de Juan Ram\u00f3n Jim\u00e9nez (nacido en el pueblo onubense al lado del suyo, con el mismo olor a oc\u00e9ano, a Atl\u00e1ntico) se ha despedido de sus amigos y de todos. Se ha despedido de nuestro mundo. Con su voz. La amplia voz que tuvo en vida.<\/span><\/p>\n<p><span style=\"font-weight: 400; font-size: 18pt;\"><em>Bon voyage<\/em>, se\u00f1or caballero Quintero. Que tu esp\u00edritu libre disfrute errando nost\u00e1lgico por el huerto florido. <strong>Junto al \u00e1rbol verde, el pozo blanco, el cielo azul y pl\u00e1cido<\/strong>.\u00a0<\/span><\/p>\n<p>&nbsp;<\/p>\n<p><span style=\"font-size: 18pt;\">(<em>In memoriam\u00a0<\/em>de uno de los m\u00e1s famosos locos\u00a0de Celtiberia desde los tiempos de Don Quijote)<\/span><\/p>\n<p><span style=\"font-size: 18pt;\"><a href=\"https:\/\/cope-cdnmed.agilecontent.com\/resources\/mp3\/5\/5\/1664868277955.mp3?download\" rel=\"external nofollow\">https:\/\/cope-cdnmed.agilecontent.com\/resources\/mp3\/5\/5\/1664868277955.mp3?download<\/a><\/span><\/p>\n<p>&nbsp;<\/p>\n<p><span style=\"color: #ffffff; font-size: 18pt;\">.<\/span><\/p>\n","protected":false},"excerpt":{"rendered":"<p>El tiempo tritura todo, personas incluidas, y tambi\u00e9n le ha triturado a \u00e9l. A \u00e9l y a su periodismo creativo, literario, teatral. Ten\u00eda un nombre art\u00edstico, y esto ya lo dice casi todo. Le bast\u00f3 aplicar el principio de econom\u00eda de palabra y prolongaci\u00f3n de silencios que descubri\u00f3 por casualidad. De Jes\u00fas Rodr\u00edguez Quintero se [&hellip;]<\/p>\n","protected":false},"author":26,"featured_media":0,"comment_status":"open","ping_status":"open","sticky":false,"template":"","format":"standard","meta":[],"categories":[1],"tags":[],"_links":{"self":[{"href":"https:\/\/blogs.elnortedecastilla.es\/nilocosnicuerdos\/wp-json\/wp\/v2\/posts\/1708"}],"collection":[{"href":"https:\/\/blogs.elnortedecastilla.es\/nilocosnicuerdos\/wp-json\/wp\/v2\/posts"}],"about":[{"href":"https:\/\/blogs.elnortedecastilla.es\/nilocosnicuerdos\/wp-json\/wp\/v2\/types\/post"}],"author":[{"embeddable":true,"href":"https:\/\/blogs.elnortedecastilla.es\/nilocosnicuerdos\/wp-json\/wp\/v2\/users\/26"}],"replies":[{"embeddable":true,"href":"https:\/\/blogs.elnortedecastilla.es\/nilocosnicuerdos\/wp-json\/wp\/v2\/comments?post=1708"}],"version-history":[{"count":25,"href":"https:\/\/blogs.elnortedecastilla.es\/nilocosnicuerdos\/wp-json\/wp\/v2\/posts\/1708\/revisions"}],"predecessor-version":[{"id":1735,"href":"https:\/\/blogs.elnortedecastilla.es\/nilocosnicuerdos\/wp-json\/wp\/v2\/posts\/1708\/revisions\/1735"}],"wp:attachment":[{"href":"https:\/\/blogs.elnortedecastilla.es\/nilocosnicuerdos\/wp-json\/wp\/v2\/media?parent=1708"}],"wp:term":[{"taxonomy":"category","embeddable":true,"href":"https:\/\/blogs.elnortedecastilla.es\/nilocosnicuerdos\/wp-json\/wp\/v2\/categories?post=1708"},{"taxonomy":"post_tag","embeddable":true,"href":"https:\/\/blogs.elnortedecastilla.es\/nilocosnicuerdos\/wp-json\/wp\/v2\/tags?post=1708"}],"curies":[{"name":"wp","href":"https:\/\/api.w.org\/{rel}","templated":true}]}}