{"id":1779,"date":"2023-12-06T22:58:50","date_gmt":"2023-12-06T22:58:50","guid":{"rendered":"https:\/\/blogs.elnortedecastilla.es\/nilocosnicuerdos\/?p=1779"},"modified":"2023-12-06T23:07:59","modified_gmt":"2023-12-06T23:07:59","slug":"la-gran-constitucion-de-1978","status":"publish","type":"post","link":"https:\/\/blogs.elnortedecastilla.es\/nilocosnicuerdos\/2023\/12\/06\/la-gran-constitucion-de-1978\/","title":{"rendered":"La gran Constituci\u00f3n de 1978"},"content":{"rendered":"<p><span style=\"font-weight: 400;\">\u00a1Cuarenta y cinco a\u00f1os!\u00a0\u00a0<\/span><span style=\"font-weight: 400;\">Y cada vez la quieren menos.<\/span><\/p>\n<p><span style=\"font-weight: 400;\">Algunos j\u00f3venes de las nuevas generaciones pol\u00edticas, y otros no tan j\u00f3venes, afirman que est\u00e1 mayor, que los tiempos han cambiado, que se ha quedado anticuada.<\/span><\/p>\n<p><span style=\"font-weight: 400;\">\u00a1Que se lo digan a la de Estados Unidos de 1787, que tiene ya 230 a\u00f1os! Y se entiende bien: los valores democr\u00e1ticos esenciales son duraderos.<\/span><\/p>\n<p><span style=\"font-weight: 400;\">Nuestra Constituci\u00f3n est\u00e1 en plena y espl\u00e9ndida madurez. S\u00f3lo necesita alg\u00fan peque\u00f1o arreglo, enmienda o retoque para seguir beneficiando al conjunto de la sociedad espa\u00f1ola.<\/span><\/p>\n<p><span style=\"font-weight: 400;\">Es cierto que algunas minor\u00edas que hay en Espa\u00f1a cada vez la quieren menos, o nada, pero todav\u00eda la queremos, y cada vez m\u00e1s, la mayor\u00eda de los espa\u00f1oles.<\/span><\/p>\n<p><span style=\"font-weight: 400;\">Cuando se reforme para adaptarse a los nuevos tiempos, se deber\u00e1 hacer de modo democr\u00e1tico y legal, por consenso entre la derecha y la izquierda, y contando en refer\u00e9ndum con todos los ciudadanos.<\/span><\/p>\n<p><span style=\"font-weight: 400;\">Quiz\u00e1 en el futuro la legislaci\u00f3n internacional reconozca, o quiz\u00e1 no, el derecho de autodeterminaci\u00f3n de los muy numerosos territorios y regiones que componen Europa. Pero la realidad es que a d\u00eda de hoy no lo hace, algo que de igual modo se entiende muy bien: la autodeterminaci\u00f3n de todas las regiones y Estados federados ser\u00eda suicida en t\u00e9rminos pol\u00edticos en un mundo global y competitivo. No creo que Europa quiera autodestruirse y auto-arruinarse de nuevo.<\/span><\/p>\n<p><span style=\"font-weight: 400;\">Las minor\u00edas sociales y pol\u00edticas de los Estados-naci\u00f3n europeos posteriores a la Segunda Guerra Mundial deben aceptar la decisi\u00f3n de la mayor\u00eda para demostrar que son minor\u00edas democr\u00e1ticas. La v\u00eda unilateral que se salta la Constituci\u00f3n de un pa\u00eds y las leyes vigentes no tiene ning\u00fan sentido, ni ning\u00fan recorrido. La Constituci\u00f3n espa\u00f1ola de 1978 forma parte del conjunto de Constituciones democr\u00e1ticas europeas. Quienes no la quieran, deben respetarla, porque fue aprobada en refer\u00e9ndum por la inmensa mayor\u00eda del pueblo espa\u00f1ol.<\/span><\/p>\n<p><span style=\"font-weight: 400;\">Despu\u00e9s de los 45 a\u00f1os de paz, democracia, avances sociales y prosperidad econ\u00f3mica que aquel gran pacto de convivencia convertido en texto legal por siete notables cabezas: <\/span><span style=\"font-weight: 400;\">Gabriel Cisneros, Manuel Fraga, Miguel Herrero, Gregorio Peces-Barba, P\u00e9rez-Llorca, Miquel Roca y Jordi Sol\u00e9 Tura, nos\u00a0<\/span><span style=\"font-weight: 400;\">ha tra\u00eddo a todos, uno de los mayores logros de civilizaci\u00f3n de nuestra Historia, espero que la vida de la Constituci\u00f3n siga siendo fruct\u00edfera y larga.\u00a0<\/span><\/p>\n<p><span style=\"color: #ffffff;\">.<\/span><\/p>\n","protected":false},"excerpt":{"rendered":"<p>\u00a1Cuarenta y cinco a\u00f1os!\u00a0\u00a0Y cada vez la quieren menos. Algunos j\u00f3venes de las nuevas generaciones pol\u00edticas, y otros no tan j\u00f3venes, afirman que est\u00e1 mayor, que los tiempos han cambiado, que se ha quedado anticuada. \u00a1Que se lo digan a la de Estados Unidos de 1787, que tiene ya 230 a\u00f1os! Y se entiende bien: [&hellip;]<\/p>\n","protected":false},"author":26,"featured_media":0,"comment_status":"open","ping_status":"open","sticky":false,"template":"","format":"standard","meta":[],"categories":[1],"tags":[],"_links":{"self":[{"href":"https:\/\/blogs.elnortedecastilla.es\/nilocosnicuerdos\/wp-json\/wp\/v2\/posts\/1779"}],"collection":[{"href":"https:\/\/blogs.elnortedecastilla.es\/nilocosnicuerdos\/wp-json\/wp\/v2\/posts"}],"about":[{"href":"https:\/\/blogs.elnortedecastilla.es\/nilocosnicuerdos\/wp-json\/wp\/v2\/types\/post"}],"author":[{"embeddable":true,"href":"https:\/\/blogs.elnortedecastilla.es\/nilocosnicuerdos\/wp-json\/wp\/v2\/users\/26"}],"replies":[{"embeddable":true,"href":"https:\/\/blogs.elnortedecastilla.es\/nilocosnicuerdos\/wp-json\/wp\/v2\/comments?post=1779"}],"version-history":[{"count":5,"href":"https:\/\/blogs.elnortedecastilla.es\/nilocosnicuerdos\/wp-json\/wp\/v2\/posts\/1779\/revisions"}],"predecessor-version":[{"id":1784,"href":"https:\/\/blogs.elnortedecastilla.es\/nilocosnicuerdos\/wp-json\/wp\/v2\/posts\/1779\/revisions\/1784"}],"wp:attachment":[{"href":"https:\/\/blogs.elnortedecastilla.es\/nilocosnicuerdos\/wp-json\/wp\/v2\/media?parent=1779"}],"wp:term":[{"taxonomy":"category","embeddable":true,"href":"https:\/\/blogs.elnortedecastilla.es\/nilocosnicuerdos\/wp-json\/wp\/v2\/categories?post=1779"},{"taxonomy":"post_tag","embeddable":true,"href":"https:\/\/blogs.elnortedecastilla.es\/nilocosnicuerdos\/wp-json\/wp\/v2\/tags?post=1779"}],"curies":[{"name":"wp","href":"https:\/\/api.w.org\/{rel}","templated":true}]}}