{"id":1787,"date":"2024-06-12T23:00:43","date_gmt":"2024-06-12T23:00:43","guid":{"rendered":"https:\/\/blogs.elnortedecastilla.es\/nilocosnicuerdos\/?p=1787"},"modified":"2024-07-02T20:14:30","modified_gmt":"2024-07-02T20:14:30","slug":"el-centro-politico","status":"publish","type":"post","link":"https:\/\/blogs.elnortedecastilla.es\/nilocosnicuerdos\/2024\/06\/12\/el-centro-politico\/","title":{"rendered":"Europa: el &#8216;centro&#8217; pol\u00edtico"},"content":{"rendered":"<p><span style=\"font-weight: 400;\">El lunes 10 de junio de 2024, tras\u00a0las Elecciones del d\u00eda anterior, Europa amaneci\u00f3 m\u00e1s extremista.\u00a0<\/span><span style=\"font-weight: 400;\">Mal camino para los ciudadanos europeos, a mi juicio.\u00a0<\/span><span style=\"font-weight: 400;\">\u00bfQu\u00e9 habr\u00eda pensado de esta evoluci\u00f3n pol\u00edtica y social un siglo despu\u00e9s de los dif\u00edciles acontecimientos hist\u00f3ricos que vivi\u00f3, don Miguel de Unamuno?\u00a0\u00a0<\/span><\/p>\n<p><span style=\"font-weight: 400;\">La Europa occidental democr\u00e1tica, civilizada, pr\u00f3spera y en paz que hemos conocido varias generaciones de ciudadanos, la construy\u00f3 despu\u00e9s de la Segunda Guerra Mundial, a partir de sus ruinas, un grupo de tres familias pol\u00edticas con ideolog\u00edas distintas: los liberal-conservadores, los centro-liberales y los socialdem\u00f3cratas. La alternancia en el Poder de los dos grandes grupos de partidos de esta triple estructura pol\u00edtica (integrada por una agrupaci\u00f3n de derechas, otra de izquierdas, y una tercera como bisagra cumpliendo una funci\u00f3n de equilibrio) ha permitido a lo largo de varias d\u00e9cadas la construcci\u00f3n de la Europa que conocemos. A este bloque pol\u00edtico reformista y moderado, o bloque de centro, le debemos todos los logros que se han ido consiguiendo en muy diversos \u00e1mbitos: democracia, Constituciones, libertad de expresi\u00f3n, avances sociales, Estado del Bienestar razonable, crecimiento econ\u00f3mico, moneda \u00fanica, mercado y seguridad compartidos, legislaci\u00f3n, instituciones y pol\u00edticas comunes frente a competidores cada vez m\u00e1s poderosos. El bloque pol\u00edtico de centro, moderado y reformista, es el arquitecto y el constructor de Europa. \u00bfQu\u00e9 es el centro pol\u00edtico? Europa es el centro pol\u00edtico. La Europa, la Uni\u00f3n Europea, que con mucho esfuerzo y habilidad pol\u00edtica, superando grandes dificultades, los ciudadanos de la parte occidental del continente venimos construyendo desde 1945 hasta hoy mismo. Los pol\u00edticos, te\u00f3ricos y ciudadanos m\u00e1s extremistas suelen decir que el &#8216;centro&#8217; no existe. Se equivocan, existe al menos desde Arist\u00f3teles: &#8220;La virtud es una disposici\u00f3n voluntaria que consiste en un t\u00e9rmino medio entre dos extremos&#8221;. Otra cosa es que no exista para ellos, ni el centro ni la moderaci\u00f3n, algo que se les nota mucho. La m\u00e1xima de Arist\u00f3teles no es necesario entenderla en sentido \u00e9tico, se puede entender en sentido s\u00f3lo pragm\u00e1tico como una f\u00f3rmula de eficacia y eficiencia pol\u00edticas. El t\u00e9rmino medio es lo m\u00e1s estable, lo m\u00e1s resolutivo, lo m\u00e1s productivo. La uni\u00f3n de las naciones europeas y el centro pol\u00edtico son dos claves imprescindibles para nuestro futuro. S\u00f3lo la uni\u00f3n puede hacer la fuerza que Europa necesita en un mundo cambiante y multipolar con grandes potencias ideol\u00f3gicas, econ\u00f3micas y militares.\u00a0<\/span><\/p>\n<p><span style=\"font-weight: 400;\">Una Europa extremista, un Parlamento Europeo con mayor\u00eda de partidos extremistas, es una bomba de relojer\u00eda con potencial de explotar en poco tiempo. Una Europa extremista, dominada por los partidos de derechas y de izquierdas m\u00e1s radicales ideol\u00f3gicamente, es la peor herencia, el peor legado, que las generaciones actuales podemos dejar a las siguientes generaciones. Un Parlamento Europeo en el que la mayor\u00eda est\u00e9 formada por populismos ideol\u00f3gicos extremistas s\u00f3lo puede terminar de una manera: primero, en divisi\u00f3n y confrontaci\u00f3n civil, y despu\u00e9s, en confrontaci\u00f3n armada. Divisi\u00f3n y guerra, esta es la cruda realidad, lo \u00fanico que cabe esperar de los extremos ideol\u00f3gicos. De una primera fase de enfrentamiento dial\u00e9ctico cada vez m\u00e1s agresivo e intolerante, con constantes insultos y descalificaciones hacia los rivales pol\u00edticos, se pasa de manera casi imperceptible, sin que la sociedad apenas se d\u00e9 cuenta, a la segunda fase de episodios y confrontaci\u00f3n violentos. De las palabras se pasa a los hechos. No es una teor\u00eda. Es un proceso que ha ocurrido a lo largo de la Historia muchas veces, sobre todo en el siglo XX. Europa tiene muchos competidores, rivales y enemigos externos, pero su mayor enemigo ser\u00e1 ella misma si toma una nueva e imparable deriva hacia las ideolog\u00edas m\u00e1s extremas de izquierdas y de derechas. Los alemanes tuvieron una actitud cr\u00e9dula, ingenua, con Hitler, y fueron enga\u00f1ados. Y los rusos con Lenin y Stalin, y tambi\u00e9n fueron enga\u00f1ados. (Enga\u00f1ados hasta cierto punto, porque muchos historiadores piensan que hubo una considerable complicidad, activa y pasiva, de la mayor\u00eda de ciudadanos). Hitler y Lenin hablaban a menudo en sus discursos de propaganda de la libertad del pueblo oprimido. Seg\u00fan dec\u00edan, ellos eran los garantes de esa libertad. Los tiranos, hasta que llegan al Poder, siempre han sido a lo largo de la Historia los mayores defensores te\u00f3ricos de la libertad. Y cuando llegan, tambi\u00e9n lo son de manera pr\u00e1ctica, s\u00f3lo que entonces la \u00fanica libertad que defienden es la suya propia. \u00a1La libertad del tirano, qu\u00e9 cruel paradoja! Este es el gran enga\u00f1o, el gran fraude, de los dictadores y aut\u00f3cratas que postulan ideolog\u00edas extremas para solucionar los problemas de la gente com\u00fan. <em>El huevo de la serpiente\u00a0<\/em>(1977), de Ingmar Bergman, cuya historia transcurre en el Berl\u00edn de los a\u00f1os 20, lo disecciona muy bien. Los huevos de serpiente se pueden confundir con otros, se pueden no ver, incluso adoptar atractivos camuflajes, pero del huevo de una serpiente nunca sale un pollito. Despu\u00e9s de un siglo, la Europa actual no debiera ser ya ingenua. No debiera tropezar en la misma piedra, confiando de nuevo en los populismos extremistas. No debiera creer ni en los <em>neo-hunos<\/em> ni en los <em>neo-hotros. <\/em>Conocemos a ambos. Los enemigos internos a veces son mucho m\u00e1s poderosos que los externos. Esta cuesti\u00f3n es clave para el futuro de Europa. Su supervivencia y protagonismo como actor fuerte en el tablero internacional depende en primer lugar de lo que haga consigo misma. Europa ya vivi\u00f3 en el siglo XX las peores consecuencias del auge del fanatismo pol\u00edtico y las ideolog\u00edas extremas: divisi\u00f3n interna y confrontaci\u00f3n militar. Es de esperar que los europeos no vuelvan a tomar ese camino, que hayan aprendido la lecci\u00f3n y no repitan el bucle, las din\u00e1micas que se retroalimentan hasta generar de manera inevitable lo peor.\u00a0<\/span><span style=\"font-weight: 400;\">En el siglo XXI, los partidos de extrema izquierda y de extrema derecha no se muestran abiertamente ni se reconocen como tales. Nunca lo han hecho, pero gracias a la tecnolog\u00eda y las redes sociales el marketing del ocultamiento ha alcanzado sus cotas m\u00e1s altas. Los extremistas enga\u00f1an y se camuflan con decenas de ropajes ling\u00fc\u00edsticos y eufemismos, saben captar las reacciones emocionales m\u00e1s primarias de rabia, enfado e indignaci\u00f3n de muchos ciudadanos debidas a los defectos e insuficiencias del sistema, y se presentan como salvadores de la patria y de la civilizaci\u00f3n occidental. Una vieja cantinela. Pero aun as\u00ed, la mayor\u00eda de los ciudadanos saben reconocerles. <\/span><\/p>\n<p><span style=\"font-weight: 400;\">Despu\u00e9s de las Elecciones del pasado domingo 9 de junio, el bloque de centro moderado y reformista que forman conservadores, liberales y socialdem\u00f3cratas, ha disminuido en el Parlamento Europeo, pero tiene todav\u00eda una mayor\u00eda suficiente para frenar las ideolog\u00edas extremas, de derechas y de izquierdas. En las pr\u00f3ximas Elecciones espero que este bloque sepa adaptarse a los tiempos, innove, corrija errores y pueda recuperar votantes. En mi opini\u00f3n, s\u00f3lo un bloque reformista y moderado es compatible con que Europa pueda seguir estando en el futuro unida y en paz. Desde los extremos ideol\u00f3gicos esto es imposible. La extrema derecha tambi\u00e9n ha subido en Espa\u00f1a, dividida por primera vez en dos formaciones pol\u00edticas. La extrema izquierda ha bajado un poco. El partido de centro liberal, Cs, ha desaparecido por la presi\u00f3n de la polarizaci\u00f3n y por sus propios errores. La socialdemocracia espa\u00f1ola, como reconocen los socialistas veteranos, lleva varios a\u00f1os escorada hacia planteamientos m\u00e1s extremos de izquierda, pero se mantiene en su suelo electoral. Y los liberal conservadores han subido, han ganado las Elecciones y esperan seguir aumentando. Los pol\u00edticos se han radicalizado mucho en los \u00faltimos a\u00f1os, salvo alguna excepci\u00f3n. Con frecuencia pierden las buenas formas y el respeto m\u00e1s elementales. Parece que contienden para eliminar al contrario. Nada que ver con aquellos pol\u00edticos tolerantes de la Transici\u00f3n. El actual no es un buen camino para la convivencia pac\u00edfica entre todos. Sin embargo, y a diferencia de lo que ha sucedido en Francia, Italia y otros pa\u00edses europeos, en Espa\u00f1a el extremismo ideol\u00f3gico todav\u00eda es minoritario, no es una grave amenaza de momento. Mi deseo y esperanza es que con la memoria activa, la reflexi\u00f3n y el sentido com\u00fan, esta amenaza no aumente en los pr\u00f3ximos a\u00f1os. Todo lo contrario, que disminuya. Europa sigue siendo por ahora la comunidad m\u00e1s civilizada y culta del mundo. Tenemos que esforzarnos para que no deje de serlo. La libertad, la democracia, la paz, no son un regalo, se ganan d\u00eda a d\u00eda.<\/span><\/p>\n<p><span style=\"color: #ffffff;\">.<\/span><\/p>\n","protected":false},"excerpt":{"rendered":"<p>El lunes 10 de junio de 2024, tras\u00a0las Elecciones del d\u00eda anterior, Europa amaneci\u00f3 m\u00e1s extremista.\u00a0Mal camino para los ciudadanos europeos, a mi juicio.\u00a0\u00bfQu\u00e9 habr\u00eda pensado de esta evoluci\u00f3n pol\u00edtica y social un siglo despu\u00e9s de los dif\u00edciles acontecimientos hist\u00f3ricos que vivi\u00f3, don Miguel de Unamuno?\u00a0\u00a0 La Europa occidental democr\u00e1tica, civilizada, pr\u00f3spera y en paz [&hellip;]<\/p>\n","protected":false},"author":26,"featured_media":0,"comment_status":"open","ping_status":"open","sticky":false,"template":"","format":"standard","meta":[],"categories":[1],"tags":[],"_links":{"self":[{"href":"https:\/\/blogs.elnortedecastilla.es\/nilocosnicuerdos\/wp-json\/wp\/v2\/posts\/1787"}],"collection":[{"href":"https:\/\/blogs.elnortedecastilla.es\/nilocosnicuerdos\/wp-json\/wp\/v2\/posts"}],"about":[{"href":"https:\/\/blogs.elnortedecastilla.es\/nilocosnicuerdos\/wp-json\/wp\/v2\/types\/post"}],"author":[{"embeddable":true,"href":"https:\/\/blogs.elnortedecastilla.es\/nilocosnicuerdos\/wp-json\/wp\/v2\/users\/26"}],"replies":[{"embeddable":true,"href":"https:\/\/blogs.elnortedecastilla.es\/nilocosnicuerdos\/wp-json\/wp\/v2\/comments?post=1787"}],"version-history":[{"count":41,"href":"https:\/\/blogs.elnortedecastilla.es\/nilocosnicuerdos\/wp-json\/wp\/v2\/posts\/1787\/revisions"}],"predecessor-version":[{"id":1830,"href":"https:\/\/blogs.elnortedecastilla.es\/nilocosnicuerdos\/wp-json\/wp\/v2\/posts\/1787\/revisions\/1830"}],"wp:attachment":[{"href":"https:\/\/blogs.elnortedecastilla.es\/nilocosnicuerdos\/wp-json\/wp\/v2\/media?parent=1787"}],"wp:term":[{"taxonomy":"category","embeddable":true,"href":"https:\/\/blogs.elnortedecastilla.es\/nilocosnicuerdos\/wp-json\/wp\/v2\/categories?post=1787"},{"taxonomy":"post_tag","embeddable":true,"href":"https:\/\/blogs.elnortedecastilla.es\/nilocosnicuerdos\/wp-json\/wp\/v2\/tags?post=1787"}],"curies":[{"name":"wp","href":"https:\/\/api.w.org\/{rel}","templated":true}]}}