{"id":329,"date":"2015-12-16T22:35:55","date_gmt":"2015-12-16T22:35:55","guid":{"rendered":"http:\/\/blogs.elnortedecastilla.es\/nilocosnicuerdos\/?p=329"},"modified":"2015-12-16T22:35:55","modified_gmt":"2015-12-16T22:35:55","slug":"voto-nulo-2","status":"publish","type":"post","link":"https:\/\/blogs.elnortedecastilla.es\/nilocosnicuerdos\/2015\/12\/16\/voto-nulo-2\/","title":{"rendered":"Voto nulo"},"content":{"rendered":"<p>Desde las <strong>Elecciones Generales de 1982 <\/strong>los ciudadanos espa\u00f1oles no hab\u00edamos vuelto a sentir tantas ganas de manifestarnos pol\u00edticamente, es decir, de votar, como las que tenemos ya preparadas para el pr\u00f3ximo domingo en el que vamos a despedir con un original c\u00f3ctel de Pol\u00edtica y Navidad este intenso a\u00f1o 2015.<\/p>\n<p>A lo largo de la pasada Legislatura los espa\u00f1oles hemos padecido al menos <strong>cuatro graves crisis<\/strong>: 1) la <strong>crisis econ\u00f3mica<\/strong>, con paro, m\u00faltiples recortes y el rescate de un sector de la Banca, 2) la <strong>corrupci\u00f3n<\/strong>, muy repartida por el territorio nacional y entre todos los partidos con Poder ejecutivo, 3) la del <strong>independentismo catal\u00e1n<\/strong>, que ha desembocado en una declaraci\u00f3n del Parlamento Aut\u00f3nomo considerada ilegal por el Tribunal Constitucional, y 4) la <strong>crisis del &#8220;bipartidismo&#8221;<\/strong>, que no es otra que la crisis del modelo subdesarrollado de democracia (tambi\u00e9n llamado <strong>&#8220;partitocracia&#8221;<\/strong>) que se consensu\u00f3 en la Transici\u00f3n como salida hist\u00f3rica viable en aquel entonces, pero que despu\u00e9s de casi 40 a\u00f1os ha demostrado unas deficiencias muy claras qued\u00e1ndose anticuado.<\/p>\n<p>Todas estas circunstancias tan especiales que hemos vivido en Espa\u00f1a durante cuatro a\u00f1os (no menciono el relevo en la Jefatura del Estado por haberse realizado de forma ejemplar, sin la m\u00e1s m\u00ednima turbulencia) han generado en los ciudadanos un incremento del inter\u00e9s por la pol\u00edtica y de las ganas de votar. Seg\u00fan los coincidentes an\u00e1lisis sobre las motivaciones, causas y factores que determinan el <strong>color del voto<\/strong> realizados por los soci\u00f3logos y polit\u00f3logos, parece ser que se vota primero con <strong>&#8220;la cartera&#8221;<\/strong> (pensando en los posibles beneficios\/perjuicios econ\u00f3micos y laborales propios que puedan derivarse del partido que gobierne), despu\u00e9s con <strong>&#8220;el coraz\u00f3n&#8221;<\/strong> (origen familiar, biograf\u00eda personal, simpat\u00edas\/antipat\u00edas, filias y fobias), y en tercer y \u00faltimo lugar con <strong>&#8220;la raz\u00f3n&#8221;<\/strong> (entendiendo esta \u00faltima como un sistema cerrado de creencias e ideas que se comparte en grupo al que llamamos <strong>ideolog\u00eda<\/strong>, m\u00e1s que en el sentido de un an\u00e1lisis individual e independiente de las razones y argumentos expuestos por unos u otros). Por otra parte, el <strong>&#8220;voto negativo&#8221; o de castigo<\/strong>, el <strong>voto \u00fatil<\/strong>, la elecci\u00f3n del que se considere\u00a0<strong>mal menor<\/strong>, y las ganas de <strong>botar del Poder<\/strong> a quien lo detenta, en no pocas ocasiones tienen tanto o m\u00e1s peso a la hora de decidir el color de nuestro voto que las motivaciones del <strong>&#8220;voto en positivo&#8221;<\/strong> antes referidas.<\/p>\n<p>Despu\u00e9s del debate entre tres candidatos a la Presidencia del Gobierno m\u00e1s una Vicepresidenta en funciones, los dos l\u00edderes del &#8220;bipartidismo&#8221; celebraron en TV su tan deseado y tradicional debate bis a bis, en ganancia seguramente de las otras dos fuerzas pol\u00edticas emergentes con posibilidad de obtener un buen porcentaje de votos. Es decir, a pocos d\u00edas de la votaci\u00f3n la suerte est\u00e1 ya echada, el pescado parece vendido.<\/p>\n<p>\u00bfTiene alguna justificaci\u00f3n en un escenario pol\u00edtico con serios problemas, y en un momento que puede considerarse hist\u00f3rico en la <strong>evoluci\u00f3n de nuestra democracia<\/strong>, hacer un voto nulo en vez de optar por un partido concreto&#8230;?<\/p>\n<p>En mi opini\u00f3n, s\u00ed. Primero, porque a la hora de ejercer el derecho democr\u00e1tico a votar todas las opciones son respetables, incluida la del <strong>voto nulo deliberado o voluntario<\/strong>, que deber\u00eda contabilizarse como un voto distinto al voto nulo accidental o involuntario. Segundo, porque el voto nulo voluntario expresa de manera t\u00e1cita un posicionamiento pol\u00edtico: 1) defensa de la democracia, 2) inter\u00e9s por los asuntos sociales o p\u00fablicos, y 3) mayor independencia respecto de los sistemas ideol\u00f3gicos de los partidos pol\u00edticos. A estas razones, a\u00f1adir\u00eda otras dos: a) los partidos del &#8220;viejo bipartidismo&#8221;, PP y PSOE, han rehuido constantemente comprometerse con algo que me parece muy importante, una <strong>reforma en profundidad del modelo democr\u00e1tico espa\u00f1ol<\/strong>: listas abiertas, ley de refer\u00e9ndum con consultas peri\u00f3dicas, ocho a\u00f1os m\u00e1ximo en los cargos pol\u00edticos, primarias obligatorias entre varios candidatos, separaci\u00f3n de poderes con elecci\u00f3n del Poder Judicial por juristas, sin cuotas pol\u00edticas, cese autom\u00e1tico de cargos tras imputaci\u00f3n judicial por posibles delitos, financiaci\u00f3n de los partidos con listas p\u00fablicas de los donantes desde el primer euro, etc., y b) la propuesta de &#8220;nueva pol\u00edtica&#8221; de los j\u00f3venes partidos emergentes no ha sido, a mi juicio, suficientemente bien definida: en el caso de Podemos, porque su trayectoria en poco m\u00e1s de un a\u00f1o se ha desplazado desde el anarco-comunismo antisistema a la supuesta socialdemocracia, y en el caso de Ciudadanos porque los pactos que ha realizado despu\u00e9s de las \u00faltimas Elecciones Auton\u00f3micas y Municipales con ambos &#8220;bipartidistas&#8221; no son precisamente una garant\u00eda de confianza.<\/p>\n<p>Hay <strong>otras opciones de voto<\/strong>, por supuesto, y algunas de ellas han sido muy injustamente ninguneadas en los medios de comunicaci\u00f3n: Izquierda Unida, Uni\u00f3n Progreso y Democracia, los partidos nacionalistas, etc. En las televisiones debiera haberse producido al menos un debate entre todos los candidatos a la Presidencia del Gobierno. \u00a1Qu\u00e9 envidia de esas im\u00e1genes de las Primarias americanas cuando salen en fila por TV -por supuesto, con atril, para poder tener datos e informaci\u00f3n escrita de apoyo- 10 \u00f3 12 candidatos! Lamentablemente, en Espa\u00f1a hemos asistido como nunca antes a una campa\u00f1a de marketing y show medi\u00e1tico que ha prevalecido sobre los contenidos y la pluralidad pol\u00edtica.<\/p>\n<p>En fin, todas las opciones son leg\u00edtimas, en esto consiste la <strong>Democracia<\/strong>. Y quiz\u00e1 en el futuro, cuando los ciudadanos vayan a votar exista en la papeleta un peque\u00f1o apartado para que el que quiera pueda escribir brevemente por qu\u00e9 vota lo que vota, sin que su voto se convierta por ello en un voto nulo.<\/p>\n<p>&nbsp;<\/p>\n","protected":false},"excerpt":{"rendered":"<p>Desde las Elecciones Generales de 1982 los ciudadanos espa\u00f1oles no hab\u00edamos vuelto a sentir tantas ganas de manifestarnos pol\u00edticamente, es decir, de votar, como las que tenemos ya preparadas para el pr\u00f3ximo domingo en el que vamos a despedir con un original c\u00f3ctel de Pol\u00edtica y Navidad este intenso a\u00f1o 2015. A lo largo de [&hellip;]<\/p>\n","protected":false},"author":26,"featured_media":0,"comment_status":"open","ping_status":"open","sticky":false,"template":"","format":"standard","meta":[],"categories":[2],"tags":[],"_links":{"self":[{"href":"https:\/\/blogs.elnortedecastilla.es\/nilocosnicuerdos\/wp-json\/wp\/v2\/posts\/329"}],"collection":[{"href":"https:\/\/blogs.elnortedecastilla.es\/nilocosnicuerdos\/wp-json\/wp\/v2\/posts"}],"about":[{"href":"https:\/\/blogs.elnortedecastilla.es\/nilocosnicuerdos\/wp-json\/wp\/v2\/types\/post"}],"author":[{"embeddable":true,"href":"https:\/\/blogs.elnortedecastilla.es\/nilocosnicuerdos\/wp-json\/wp\/v2\/users\/26"}],"replies":[{"embeddable":true,"href":"https:\/\/blogs.elnortedecastilla.es\/nilocosnicuerdos\/wp-json\/wp\/v2\/comments?post=329"}],"version-history":[{"count":0,"href":"https:\/\/blogs.elnortedecastilla.es\/nilocosnicuerdos\/wp-json\/wp\/v2\/posts\/329\/revisions"}],"wp:attachment":[{"href":"https:\/\/blogs.elnortedecastilla.es\/nilocosnicuerdos\/wp-json\/wp\/v2\/media?parent=329"}],"wp:term":[{"taxonomy":"category","embeddable":true,"href":"https:\/\/blogs.elnortedecastilla.es\/nilocosnicuerdos\/wp-json\/wp\/v2\/categories?post=329"},{"taxonomy":"post_tag","embeddable":true,"href":"https:\/\/blogs.elnortedecastilla.es\/nilocosnicuerdos\/wp-json\/wp\/v2\/tags?post=329"}],"curies":[{"name":"wp","href":"https:\/\/api.w.org\/{rel}","templated":true}]}}