{"id":117,"date":"2014-06-29T10:46:00","date_gmt":"2014-06-29T09:46:00","guid":{"rendered":"http:\/\/blogs.elnortedecastilla.es\/oxido\/?p=117"},"modified":"2014-06-29T10:46:00","modified_gmt":"2014-06-29T09:46:00","slug":"el-160-aniversario","status":"publish","type":"post","link":"https:\/\/blogs.elnortedecastilla.es\/oxido\/2014\/06\/29\/el-160-aniversario\/","title":{"rendered":"El suplemento de los 160 a\u00f1os"},"content":{"rendered":"<div id=\"attachment_118\" style=\"width: 640px\" class=\"wp-caption alignleft\"><a href=\"\/oxido\/wp-content\/uploads\/sites\/15\/2014\/06\/portada160.jpg\"><img aria-describedby=\"caption-attachment-118\" loading=\"lazy\" class=\"size-full wp-image-118\" title=\"Portada del suplemento especial del 160 aniversario\" src=\"\/oxido\/wp-content\/uploads\/sites\/15\/2014\/06\/portada160.jpg\" alt=\"160 a\u00f1os\" width=\"630\" height=\"882\" srcset=\"https:\/\/static-blogs.elnortedecastilla.es\/wp-content\/uploads\/sites\/15\/2014\/06\/portada160.jpg 630w, https:\/\/static-blogs.elnortedecastilla.es\/wp-content\/uploads\/sites\/15\/2014\/06\/portada160-214x300.jpg 214w\" sizes=\"(max-width: 630px) 100vw, 630px\" \/><\/a><p id=\"caption-attachment-118\" class=\"wp-caption-text\">Portada del suplemento especial del 160 aniversario.<\/p><\/div>\n<p><em><span style=\"color: #888888;\"><br \/>\nTerminado y publicado el suplemento que celebra m\u00e1s de siglo y medio de historia.<\/span><\/em><\/p>\n<p><em><span style=\"color: #888888;\">Esto<\/span><span style=\"color: #888888;\">y encantado de haber participado en este proyecto<\/span><\/em><span style=\"color: #888888;\"> que se entrega gratis con el peri\u00f3dico de hoy, 29 de junio.<\/span><\/p>\n<p><span style=\"color: #888888; font-size: xx-small;\"><em>Textos: V\u00edctor M. Vela, Enrique Berzal y Rafael Vega.<\/em><\/span><br \/>\n<span style=\"color: #888888; font-size: xx-small;\"><em>Coordinaci\u00f3n: J. I. Foces<\/em><\/span><br \/>\n<span style=\"color: #888888; font-size: xx-small;\"><em>Dise\u00f1o: Pedro Resina<\/em><\/span><\/p>\n","protected":false},"excerpt":{"rendered":"<p>Terminado y publicado el suplemento que celebra m\u00e1s de siglo y medio de historia. Estoy encantado de haber participado en este proyecto que se entrega gratis con el peri\u00f3dico de hoy, 29 de junio. Textos: V\u00edctor M. Vela, Enrique Berzal y Rafael Vega. Coordinaci\u00f3n: J. I. Foces Dise\u00f1o: Pedro Resina<\/p>\n","protected":false},"author":25,"featured_media":0,"comment_status":"open","ping_status":"open","sticky":false,"template":"","format":"standard","meta":[],"categories":[4],"tags":[8,10,11],"_links":{"self":[{"href":"https:\/\/blogs.elnortedecastilla.es\/oxido\/wp-json\/wp\/v2\/posts\/117"}],"collection":[{"href":"https:\/\/blogs.elnortedecastilla.es\/oxido\/wp-json\/wp\/v2\/posts"}],"about":[{"href":"https:\/\/blogs.elnortedecastilla.es\/oxido\/wp-json\/wp\/v2\/types\/post"}],"author":[{"embeddable":true,"href":"https:\/\/blogs.elnortedecastilla.es\/oxido\/wp-json\/wp\/v2\/users\/25"}],"replies":[{"embeddable":true,"href":"https:\/\/blogs.elnortedecastilla.es\/oxido\/wp-json\/wp\/v2\/comments?post=117"}],"version-history":[{"count":0,"href":"https:\/\/blogs.elnortedecastilla.es\/oxido\/wp-json\/wp\/v2\/posts\/117\/revisions"}],"wp:attachment":[{"href":"https:\/\/blogs.elnortedecastilla.es\/oxido\/wp-json\/wp\/v2\/media?parent=117"}],"wp:term":[{"taxonomy":"category","embeddable":true,"href":"https:\/\/blogs.elnortedecastilla.es\/oxido\/wp-json\/wp\/v2\/categories?post=117"},{"taxonomy":"post_tag","embeddable":true,"href":"https:\/\/blogs.elnortedecastilla.es\/oxido\/wp-json\/wp\/v2\/tags?post=117"}],"curies":[{"name":"wp","href":"https:\/\/api.w.org\/{rel}","templated":true}]}}