{"id":1054,"date":"2012-06-20T11:46:38","date_gmt":"2012-06-20T09:46:38","guid":{"rendered":"http:\/\/blogs.elnortedecastilla.es\/pasameelmando\/?p=1054"},"modified":"2012-06-20T11:46:38","modified_gmt":"2012-06-20T09:46:38","slug":"las-mujeres-el-periodismo-deportivo-y-gracias-sara","status":"publish","type":"post","link":"https:\/\/blogs.elnortedecastilla.es\/pasameelmando\/2012\/06\/20\/las-mujeres-el-periodismo-deportivo-y-gracias-sara\/","title":{"rendered":"Las mujeres, el periodismo deportivo y &#039;Gracias Sara&#039;"},"content":{"rendered":"<p><a href=\"\/pasameelmando\/wp-content\/uploads\/sites\/10\/2012\/06\/31397_m.jpg\"><img class=\"size-full wp-image-1055 alignleft\" style=\"margin-left: 6px; margin-right: 6px;\" title=\"31397_m\" src=\"\/pasameelmando\/wp-content\/uploads\/sites\/10\/2012\/06\/31397_m.jpg\" alt=\"\" width=\"400\" srcset=\"https:\/\/static-blogs.elnortedecastilla.es\/wp-content\/uploads\/sites\/10\/2012\/06\/31397_m.jpg 500w, https:\/\/static-blogs.elnortedecastilla.es\/wp-content\/uploads\/sites\/10\/2012\/06\/31397_m-199x300.jpg 199w\" sizes=\"(max-width: 500px) 100vw, 500px\" \/><\/a>Fui de las que vio el Croacia &#8211; Espa\u00f1a, por supuesto, soy de las que se encuentra estupefacta ante la trascendencia que est\u00e1 teniendo gracias a Twitter <strong>Sara Carbonero<\/strong> y sus <strong>famosas intervenciones durante el encuentro<\/strong>. Sara ha sido la cima de un fen\u00f3meno que se inici\u00f3 a\u00f1os antes con la irrupci\u00f3n de las mujeres en el periodismo deportivo. Ah\u00ed estaba <strong>Mar\u00eda Escario y Olga Viza\u00a0<\/strong>pero poco m\u00e1s. La Carbonero ha cometido el pecado de ser novia de futbolista y de ser guapa pero eso no quita para que las cr\u00edticas que recibe sean en su mayor parte justificadas. Es cierto que convertir &#8216;<strong>Gracias Sara<\/strong>&#8216; en tema del momento en Twitter durante tres d\u00edas es demasiado exagerado pero la cantidad de reacciones que ha suscitado tanta notoriedad tambi\u00e9n lo es.<\/p>\n<p>Ah\u00ed ha estado <strong>Ram\u00f3n Trecet<\/strong> <a href=\"http:\/\/www.abc.es\/20120619\/estilo-gente\/abci-gracias-sara-carbonero-trezet-201206191639.html\" rel=\"external nofollow\">en ABC Punto Radio<\/a> para defender a Sara y meterse con los comentarios vertidos en la red social: &#8220;el 85% de ellos son de un sexismo repugnante&#8221;. Cierto es que si Sara Carbonero fuera fea esos comentarios no hubieran existido pero seamos sinceros, si Sara fuera fea <strong>Telecinco no la hubiera puesto a pie de campo<\/strong>. De un &#8216;<em>sexismo repugnante<\/em>&#8216; es utilizar a una profesional de florero y eso es lo que hace Mediaset. Sara deber\u00eda replantearse sus intervenciones durante el encuentro. Es indiscutible que no aportaban nada, o casi nada a la retransmisi\u00f3n algo que hasta sus compa\u00f1eros notaron cuando ignoraban sus comentarios haci\u00e9ndole un flaco favor.<\/p>\n<p>&nbsp;<\/p>\n<p style=\"text-align: right;\"><a href=\"https:\/\/blogs.elnortedecastilla.es\/pasameelmando\/2012\/06\/20\/las-mujeres-el-periodismo-deportivo-y-gracias-sara\/\">Continuar leyendo<\/a>&#8230;<!--more--><\/p>\n<p>Otra de las personas que ha defendido a la periodista ha sido <strong>Susana Guash<\/strong>, la encargada del pie de campo en los partidos de la Sexta, amiga de Sara y excelente profesional. Guash asegura que <a href=\"http:\/\/www.que.es\/television\/201206200801-sara-carbonero-criticada-twitter-defendida-cont.html\" target=\"_blank\" rel=\"external nofollow\">no tienen derecho a juzgarla tan duramente<\/a>. Estoy de acuerdo. El caso se ha ido de madre y ah\u00ed est\u00e1 <strong>Carme Chaparro<\/strong> para pedir que se replantee <a href=\"http:\/\/www.europapress.es\/tv\/noticia-ramon-trecet-defiende-sara-carbonero-comentarios-son-sexismo-repugnante-20120620165732.html\" target=\"_blank\" rel=\"external nofollow\">la figura de la mujer en el periodismo deportivo<\/a>. La verdadera cuesti\u00f3n de fondo. \u00bfPor qu\u00e9 las mujeres no retransmiten partidos? Ese es el punto fundamental, lo que de verdad se deber\u00eda debatir.<\/p>\n<p>Salvo excepciones m\u00e1s que notables no hay mujeres en el periodismo deportivo que sean &#8216;desagradables de ver&#8217;. Es verdad que casi ninguna llega (f\u00edsicamente) al nivel de Carbonero pero nadie se mete con ellas por sus intervenciones. Es decir, son guapas pero tambi\u00e9n hacen bien su trabajo. Ah\u00ed est\u00e1n (o han estado) <strong>Cristina Villanueva<\/strong> (La Sexta),\u00a0<strong>Lourdes Garc\u00eda Campos<\/strong> (TVE1), <strong>Sandra Sabat\u00e9s<\/strong> (La Sexta), etc\u00e9tera.<\/p>\n<p>&#8220;Sara hace todo lo posible por ser una buena profesional y eso no deber\u00eda ponerse en duda&#8221; ha dicho <strong>Felipe del Campo\u00a0<\/strong><a href=\"http:\/\/www.que.es\/television\/201206200801-sara-carbonero-criticada-twitter-defendida-cont.html\" target=\"_blank\" rel=\"external nofollow\">en el Diario Qu\u00e9!<\/a>\u00a0Tengo por lema no poner en duda la buena fe de la gente. No creo que nadie haga su trabajo mal a prop\u00f3sito y el caso de Sara Carbonero no es una excepci\u00f3n. Veremos lo que pasa el s\u00e1bado, si mejora, si aporta, si rectifica esa actitud ap\u00e1tica que tuvo durante el encuentro. De momento guarda silencio, lo l\u00f3gico, deber\u00eda hablar en el campo contar detalles, aquello que no podemos ver que se nos escapa.<\/p>\n<p><a class=\"twitter-follow-button\" href=\"https:\/\/twitter.com\/australia105\" data-show-count=\"false\" data-lang=\"es\" rel=\"external nofollow\">Seguir a @australia105<\/a><br \/>\n<script type=\"text\/javascript\">\/\/ <![CDATA[\n !function(d,s,id){var js,fjs=d.getElementsByTagName(s)[0];if(!d.getElementById(id)){js=d.createElement(s);js.id=id;js.src=\"\/\/platform.twitter.com\/widgets.js\";fjs.parentNode.insertBefore(js,fjs);}}(document,\"script\",\"twitter-wjs\");\n\/\/ ]]><\/script><\/p>\n","protected":false},"excerpt":{"rendered":"<p>Fui de las que vio el Croacia &#8211; Espa\u00f1a, por supuesto, soy de las que se encuentra estupefacta ante la trascendencia que est\u00e1 teniendo gracias a Twitter Sara Carbonero y sus famosas intervenciones durante el encuentro. Sara ha sido la cima de un fen\u00f3meno que se inici\u00f3 a\u00f1os antes con la irrupci\u00f3n de las mujeres [&hellip;]<\/p>\n","protected":false},"author":15,"featured_media":0,"comment_status":"open","ping_status":"closed","sticky":false,"template":"","format":"standard","meta":[],"categories":[7],"tags":[57,88,173,188],"_links":{"self":[{"href":"https:\/\/blogs.elnortedecastilla.es\/pasameelmando\/wp-json\/wp\/v2\/posts\/1054"}],"collection":[{"href":"https:\/\/blogs.elnortedecastilla.es\/pasameelmando\/wp-json\/wp\/v2\/posts"}],"about":[{"href":"https:\/\/blogs.elnortedecastilla.es\/pasameelmando\/wp-json\/wp\/v2\/types\/post"}],"author":[{"embeddable":true,"href":"https:\/\/blogs.elnortedecastilla.es\/pasameelmando\/wp-json\/wp\/v2\/users\/15"}],"replies":[{"embeddable":true,"href":"https:\/\/blogs.elnortedecastilla.es\/pasameelmando\/wp-json\/wp\/v2\/comments?post=1054"}],"version-history":[{"count":0,"href":"https:\/\/blogs.elnortedecastilla.es\/pasameelmando\/wp-json\/wp\/v2\/posts\/1054\/revisions"}],"wp:attachment":[{"href":"https:\/\/blogs.elnortedecastilla.es\/pasameelmando\/wp-json\/wp\/v2\/media?parent=1054"}],"wp:term":[{"taxonomy":"category","embeddable":true,"href":"https:\/\/blogs.elnortedecastilla.es\/pasameelmando\/wp-json\/wp\/v2\/categories?post=1054"},{"taxonomy":"post_tag","embeddable":true,"href":"https:\/\/blogs.elnortedecastilla.es\/pasameelmando\/wp-json\/wp\/v2\/tags?post=1054"}],"curies":[{"name":"wp","href":"https:\/\/api.w.org\/{rel}","templated":true}]}}