{"id":1097,"date":"2012-08-22T20:01:23","date_gmt":"2012-08-22T18:01:23","guid":{"rendered":"http:\/\/blogs.elnortedecastilla.es\/pasameelmando\/?p=1097"},"modified":"2012-08-22T20:01:23","modified_gmt":"2012-08-22T18:01:23","slug":"la-cuarta-temporada-de-cronicas-vampiricas-se-estrenara-el-11-de-octubre","status":"publish","type":"post","link":"https:\/\/blogs.elnortedecastilla.es\/pasameelmando\/2012\/08\/22\/la-cuarta-temporada-de-cronicas-vampiricas-se-estrenara-el-11-de-octubre\/","title":{"rendered":"La cuarta temporada de Cr\u00f3nicas Vamp\u00edricas se estrenar\u00e1 el 11 de octubre"},"content":{"rendered":"<p>La cadena estadounidense CW estrenar\u00e1 el pr\u00f3ximo 11 de octubre la cuarta temporada de <strong>Cr\u00f3nicas Vamp\u00edricas<\/strong> y mantendr\u00e1 la serie <strong>en su horario del jueves<\/strong> por la noche. As\u00ed que habr\u00e1 que esperar hasta dentro de un par de meses para saber c\u00f3mo reaccionar\u00e1 Elena despu\u00e9s de haber sido convertida en vampiro y, lo que es m\u00e1s importante, si continuar\u00e1 su relaci\u00f3n con Stefan o, por el contrario, se decantar\u00e1 por su hermano Damon.<\/p>\n<p><a href=\"https:\/\/blogs.elnortedecastilla.es\/pasameelmando\/2012\/08\/22\/la-cuarta-temporada-de-cronicas-vampiricas-se-estrenara-el-11-de-octubre\/cronicas_vampiricas\/\" rel=\"attachment wp-att-1098\"><img loading=\"lazy\" class=\"aligncenter size-full wp-image-1098\" src=\"\/pasameelmando\/wp-content\/uploads\/sites\/10\/2012\/08\/cronicas_vampiricas.jpg\" alt=\"\" width=\"580\" height=\"400\" srcset=\"https:\/\/static-blogs.elnortedecastilla.es\/wp-content\/uploads\/sites\/10\/2012\/08\/cronicas_vampiricas.jpg 580w, https:\/\/static-blogs.elnortedecastilla.es\/wp-content\/uploads\/sites\/10\/2012\/08\/cronicas_vampiricas-300x207.jpg 300w\" sizes=\"(max-width: 580px) 100vw, 580px\" \/><\/a><\/p>\n<p style=\"text-align: right\"><a href=\"https:\/\/blogs.elnortedecastilla.es\/pasameelmando\/2012\/08\/22\/la-cuarta-temporada-de-cronicas-vampiricas-se-estrenara-el-11-de-octubre\/\">Continuar leyendo<\/a><!--more--><\/p>\n<p>Y es que aunque en el \u00faltimo episodio se vio como la joven, interpretada por Nina Dobrev, optaba por darle una segunda oportunidad al guapo vampiro; el hecho de que tras su transici\u00f3n pueda recordar que conoci\u00f3 primero a Damon o que este se la declar\u00f3 y luego le borr\u00f3 la memoria otorgar\u00e1 una gran dosis de inter\u00e9s al ya fascinante tri\u00e1ngulo amoroso.<\/p>\n<p>Pero hay otras muchas cuestiones en el aire que tendr\u00e1n que esperar hasta el 11 de octubre. Estas son algunas de ellas.<\/p>\n<p><strong>1-\u00bfC\u00f3mo se comportar\u00e1 Elena cuando deje de ser humana?<\/strong><\/p>\n<p>No hay que olvidar que la actriz Nina Dobrev ya interpreta en la serie a la mezquina (pero divertida) Katherine, con lo cual esta nueva Elena deber\u00e1 mostrarse distinta. Seg\u00fan han avanzado los creadores de la serie, intentar\u00e1 conservar lo m\u00e1s que pueda su humanidad, y en ello le ayudar\u00e1n los hermanos Salvatore y su amiga-bruja Bonnie. Sea como fuere, y seg\u00fan Julie Plec, productora de la serie, Elena se mostrar\u00e1 m\u00e1s desinhibida, sexy y picante. Seg\u00fan Plec, \u00a0la joven tendr\u00e1 lo que ha llamado &#8220;una primera relaci\u00f3n sexual de vampiros&#8221;, aunque no concreta con qui\u00e9n.<\/p>\n<p><strong>2-\u00bfSeguir\u00e1 Stefan amando a Elena?<\/strong><\/p>\n<p>Si algo odia Stefan de s\u00ed mismo es el hecho de ser vampiro, \u00bfpodr\u00e1 amar a Elena ahora que se ha convertido en lo que \u00e9l tanto detesta?<\/p>\n<p><strong>3-\u00bfQu\u00e9 ha pasado con Tyler?<\/strong><\/p>\n<p>En el \u00faltimo episodio de la tercera temporada de Cr\u00f3nicas Vamp\u00edricas, Tyler supuestamente mor\u00eda despu\u00e9s de que Bonnie hiciera un hechizo para intercambiar su cuerpo con el del vampiro original. De esta forma Klaus se salvaba y, con \u00e9l, todos los vampiros vinculados a su l\u00ednea de sangre (entre ellos pueden estar Stefan, Damon, \u00a0Caroline, Tyler, la madre de Bonnie\u2026)<\/p>\n<p><a href=\"https:\/\/blogs.elnortedecastilla.es\/pasameelmando\/2012\/08\/22\/la-cuarta-temporada-de-cronicas-vampiricas-se-estrenara-el-11-de-octubre\/vampire-diaries-klaus-michael-trevino-tyler\/\" rel=\"attachment wp-att-1099\"><img loading=\"lazy\" class=\"aligncenter size-full wp-image-1099\" src=\"\/pasameelmando\/wp-content\/uploads\/sites\/10\/2012\/08\/vampire-diaries-klaus-michael-trevino-tyler.jpg\" alt=\"\" width=\"580\" height=\"400\" srcset=\"https:\/\/static-blogs.elnortedecastilla.es\/wp-content\/uploads\/sites\/10\/2012\/08\/vampire-diaries-klaus-michael-trevino-tyler.jpg 580w, https:\/\/static-blogs.elnortedecastilla.es\/wp-content\/uploads\/sites\/10\/2012\/08\/vampire-diaries-klaus-michael-trevino-tyler-300x207.jpg 300w\" sizes=\"(max-width: 580px) 100vw, 580px\" \/><\/a><\/p>\n<p><strong>4- \u00bfC\u00f3mo reaccionar\u00e1 el pueblo ahora que saben que Mystic Falls est\u00e1 llenito de vampiros?<\/strong><\/p>\n<p>No olvidemos que Alaric dio al Consejo de la ciudad todo lujo de detalles sobre todos los vecinos con poderes sobrenaturales. \u00bfEmpezar\u00e1 ahora una Caza de Brujas en la que nadie, ni siquiera Elena, est\u00e1 a salvo?<\/p>\n<p><strong>5-\u00bfAlaric aparecer\u00e1 en la cuarta temporada?<\/strong><\/p>\n<p>Aunque Alaric est\u00e9 muerto, no hay que olvidar que el poder de Jeremy de ver y hablar con fantasmas puede permitir que este personaje contin\u00fae una temporada m\u00e1s.<\/p>\n<p><strong>6-\u00bfBonnie se convierte en una bruja malvada?<\/strong><\/p>\n<p>Est\u00e1 claro que la bella amiga de Elena no es la misma que en el primer cap\u00edtulo de la saga. El hecho de haber cambiado los cuerpos de Klaus y Tyler desoyendo los consejos de los esp\u00edritus de sus ancestros ya da una pista de que Bonnie no es tan inocente como parec\u00eda. Adem\u00e1s, \u00bfintentar\u00e1 la bruja impedir la transici\u00f3n de Elena?, \u00bfser\u00e1 capaz de intentar matar a su mejor amiga?, \u00bfguarda un as debajo de la manga manteniendo a Tyler vivo de alguna forma?<\/p>\n<p><strong>7-Nuevos personajes.<\/strong><\/p>\n<p>Mientras nos preguntamos si contin\u00faan los viejos personales, la productora de la serie nos anuncia nuevas incorporaciones. El actor Todd Williams (\u2018Al descubierto\u2019, The Chicago Code\u2019) interpretar\u00e1 a un cazados de vampiros muy efectivo y misterioso.<\/p>\n<p><a href=\"https:\/\/blogs.elnortedecastilla.es\/pasameelmando\/2012\/08\/22\/la-cuarta-temporada-de-cronicas-vampiricas-se-estrenara-el-11-de-octubre\/twiliams_300\/\" rel=\"attachment wp-att-1100\"><img loading=\"lazy\" class=\"aligncenter size-full wp-image-1100\" src=\"\/pasameelmando\/wp-content\/uploads\/sites\/10\/2012\/08\/twiliams_300.jpg\" alt=\"\" width=\"300\" height=\"200\" \/><\/a><\/p>\n","protected":false},"excerpt":{"rendered":"<p>La cadena estadounidense CW estrenar\u00e1 el pr\u00f3ximo 11 de octubre la cuarta temporada de Cr\u00f3nicas Vamp\u00edricas y mantendr\u00e1 la serie en su horario del jueves por la noche. As\u00ed que habr\u00e1 que esperar hasta dentro de un par de meses para saber c\u00f3mo reaccionar\u00e1 Elena despu\u00e9s de haber sido convertida en vampiro y, lo que [&hellip;]<\/p>\n","protected":false},"author":19,"featured_media":0,"comment_status":"open","ping_status":"closed","sticky":false,"template":"","format":"standard","meta":[],"categories":[4],"tags":[58,60,65,79,86,151,185,210],"_links":{"self":[{"href":"https:\/\/blogs.elnortedecastilla.es\/pasameelmando\/wp-json\/wp\/v2\/posts\/1097"}],"collection":[{"href":"https:\/\/blogs.elnortedecastilla.es\/pasameelmando\/wp-json\/wp\/v2\/posts"}],"about":[{"href":"https:\/\/blogs.elnortedecastilla.es\/pasameelmando\/wp-json\/wp\/v2\/types\/post"}],"author":[{"embeddable":true,"href":"https:\/\/blogs.elnortedecastilla.es\/pasameelmando\/wp-json\/wp\/v2\/users\/19"}],"replies":[{"embeddable":true,"href":"https:\/\/blogs.elnortedecastilla.es\/pasameelmando\/wp-json\/wp\/v2\/comments?post=1097"}],"version-history":[{"count":0,"href":"https:\/\/blogs.elnortedecastilla.es\/pasameelmando\/wp-json\/wp\/v2\/posts\/1097\/revisions"}],"wp:attachment":[{"href":"https:\/\/blogs.elnortedecastilla.es\/pasameelmando\/wp-json\/wp\/v2\/media?parent=1097"}],"wp:term":[{"taxonomy":"category","embeddable":true,"href":"https:\/\/blogs.elnortedecastilla.es\/pasameelmando\/wp-json\/wp\/v2\/categories?post=1097"},{"taxonomy":"post_tag","embeddable":true,"href":"https:\/\/blogs.elnortedecastilla.es\/pasameelmando\/wp-json\/wp\/v2\/tags?post=1097"}],"curies":[{"name":"wp","href":"https:\/\/api.w.org\/{rel}","templated":true}]}}