{"id":11,"date":"2010-01-13T19:21:00","date_gmt":"2010-01-13T19:21:00","guid":{"rendered":"http:\/\/blogs.elnortedecastilla.es\/pasameelmando\/?p=11"},"modified":"2010-01-13T19:21:00","modified_gmt":"2010-01-13T19:21:00","slug":"los-protegidos-copia-heroes-la-espanola","status":"publish","type":"post","link":"https:\/\/blogs.elnortedecastilla.es\/pasameelmando\/2010\/01\/13\/los-protegidos-copia-heroes-la-espanola\/","title":{"rendered":"Los Protegidos: una copia de H\u00e9roes a la espa\u00f1ola"},"content":{"rendered":"<p><img loading=\"lazy\" src=\"\/pasameelmando\/wp-content\/uploads\/sites\/10\" alt=\"\" width=\"200\" height=\"220\" align=\"left\" hspace=\"5\" vspace=\"2\" \/>El martes 12 de enero Antena 3 estren\u00f3 su nueva serie: <a id=\"link_0\" title=\"http:\/\/nortecastilla.laguiatv.com\/serie\/ficha\/protegidos\/180212\" href=\"http:\/\/nortecastilla.laguiatv.com\/serie\/ficha\/protegidos\/180212\" target=\"_blank\" rel=\"external nofollow\">Los protegidos<\/a>. La cadena promocion\u00f3 fuertemente esta producci\u00f3n de ficci\u00f3n espa\u00f1ola, incluso con una broma en el programa Espejo P\u00fablico, en el que uno de los colaboradores simul\u00f3 durante unos minutos tener poderes paranormales para acabar hablando de la serie tras desvelar el inocente enga\u00f1o. Despu\u00e9s de esta intensa campa\u00f1a lleg\u00f3 el esperado estreno. La verdad es que ya hab\u00eda captado el olor a la serie americana \u201cH\u00e9roes\u201d que desprend\u00eda en los anuncios, pero el primer cap\u00edtulo no me dej\u00f3 ning\u00fan margen de dudas.<!--more--><\/p>\n<p>En primer lugar: la idea. Esta serie, al igual que H\u00e9roes, parte de un grupo de personas con habilidades especiales, aunque en el caso de Los Protegidos se trata hasta ahora s\u00f3lo de ni\u00f1os (principal diferencia entre ambas), y en la producci\u00f3n norteamericana hay ni\u00f1os, adolescentes y adultos. En segundo lugar: los poderes. La electricidad, capacidad para leer los pensamientos, mover objetos con la mente, transformarse en otra personas, predecir el futuro&#8230; ya las hab\u00edamos visto antes en <a id=\"link_1\" title=\"http:\/\/nortecastilla.laguiatv.com\/serie\/ficha\/Heroes\/157386\" href=\"http:\/\/nortecastilla.laguiatv.com\/serie\/ficha\/Heroes\/157386\" target=\"_blank\" rel=\"external nofollow\">H\u00e9roes<\/a>. En tercer lugar: los personajes. Por ejemplo, no pude evitar establecer un gran paralelismo entre Claire, la animadora, y Sandra, ambas adolescentes (aunque eso s\u00ed, con capacidades diferentes; bien Sandra tendr\u00eda la personalidad de Claire y el poder de Elle). Tambi\u00e9n se podr\u00eda encontrar un punto en com\u00fan entre la famosa \u201cCompa\u00f1\u00eda\u201d de H\u00e9roes, y los hombres (\u00bfpresumiblemente polic\u00edas corruptos?) que persiguen a los ni\u00f1os de Los Protegidos. En ambos casos, las personas \u201cespeciales\u201d son perseguidas por un grupo de malvados vestidos con traje.<\/p>\n<p>Es cierto que muchas series han nacido apoy\u00e1ndose en la idea de otras y luego han tomado su propio rumbo. Pero siempre hay un l\u00edmite, aunque a veces sea difuso. Lo que sin duda m\u00e1s me indign\u00f3 de esta nueva serie es que copiara literalmente la se\u00f1a m\u00e1s original y significativa de H\u00e9roes: el formato de c\u00f3mic. En algunos momentos de los cap\u00edtulos, la imagen se transformaba en una hoja de c\u00f3mic con los personajes de la serie. As\u00ed que cuando vi la escena de Los protegidos en la que los protagonistas huyen juntos en un coche que durante un momento adquir\u00eda este mismo formato, sent\u00ed una gran decepci\u00f3n.<\/p>\n<p>Copias a parte, tambi\u00e9n dir\u00e9 que el ritmo de la trama en el primer cap\u00edtulo fue quiz\u00e1 demasiado r\u00e1pido, rest\u00e1ndole credibilidad. Tal vez hubiera sido mejor que los destinos de los personajes se hubieran entrelazado m\u00e1s casualmente y poco a poco, mostrando sus vida separadas, hasta que se conocieran todos. Cuesta creer que ocurran tantos encuentros casuales en tan poco tiempo.<\/p>\n<p>A pesar de todo, hay que valorar que en su estreno, Los Protegidos obtuvo 3.678.000 espectadores consiguiendo un 18, 6% de audiencia y superando a <a id=\"link_2\" title=\"http:\/\/nortecastilla.laguiatv.com\/serie\/ficha\/Hospital-Central\/481\" href=\"http:\/\/nortecastilla.laguiatv.com\/serie\/ficha\/Hospital-Central\/481\" target=\"_blank\" rel=\"external nofollow\">Hospital Central<\/a>. Habr\u00e1 que dar una oportunidad a la serie en los siguientes cap\u00edtulos para ver c\u00f3mo se desarrolla aunque, de momento, no es tan prometedora como Antena 3 pretend\u00eda y sus puntos en com\u00fan con H\u00e9roes (serie que sin duda recomiendo, especialmente a los amantes de los superh\u00e9roes y los c\u00f3mics, y mucho mejor que esta \u201cversi\u00f3n\u201d espa\u00f1ola) son mucho m\u00e1s que una inspiraci\u00f3n.<\/p>\n<p>RAF.<\/p>\n","protected":false},"excerpt":{"rendered":"<p>El martes 12 de enero Antena 3 estren\u00f3 su nueva serie: Los protegidos. La cadena promocion\u00f3 fuertemente esta producci\u00f3n de ficci\u00f3n espa\u00f1ola, incluso con una broma en el programa Espejo P\u00fablico, en el que uno de los colaboradores simul\u00f3 durante unos minutos tener poderes paranormales para acabar hablando de la serie tras desvelar el inocente [&hellip;]<\/p>\n","protected":false},"author":14,"featured_media":0,"comment_status":"open","ping_status":"closed","sticky":false,"template":"","format":"standard","meta":[],"categories":[3],"tags":[54,106,177,189],"_links":{"self":[{"href":"https:\/\/blogs.elnortedecastilla.es\/pasameelmando\/wp-json\/wp\/v2\/posts\/11"}],"collection":[{"href":"https:\/\/blogs.elnortedecastilla.es\/pasameelmando\/wp-json\/wp\/v2\/posts"}],"about":[{"href":"https:\/\/blogs.elnortedecastilla.es\/pasameelmando\/wp-json\/wp\/v2\/types\/post"}],"author":[{"embeddable":true,"href":"https:\/\/blogs.elnortedecastilla.es\/pasameelmando\/wp-json\/wp\/v2\/users\/14"}],"replies":[{"embeddable":true,"href":"https:\/\/blogs.elnortedecastilla.es\/pasameelmando\/wp-json\/wp\/v2\/comments?post=11"}],"version-history":[{"count":0,"href":"https:\/\/blogs.elnortedecastilla.es\/pasameelmando\/wp-json\/wp\/v2\/posts\/11\/revisions"}],"wp:attachment":[{"href":"https:\/\/blogs.elnortedecastilla.es\/pasameelmando\/wp-json\/wp\/v2\/media?parent=11"}],"wp:term":[{"taxonomy":"category","embeddable":true,"href":"https:\/\/blogs.elnortedecastilla.es\/pasameelmando\/wp-json\/wp\/v2\/categories?post=11"},{"taxonomy":"post_tag","embeddable":true,"href":"https:\/\/blogs.elnortedecastilla.es\/pasameelmando\/wp-json\/wp\/v2\/tags?post=11"}],"curies":[{"name":"wp","href":"https:\/\/api.w.org\/{rel}","templated":true}]}}