{"id":1226,"date":"2013-03-24T20:01:05","date_gmt":"2013-03-24T18:01:05","guid":{"rendered":"http:\/\/blogs.elnortedecastilla.es\/pasameelmando\/?p=1226"},"modified":"2013-03-24T20:01:05","modified_gmt":"2013-03-24T18:01:05","slug":"el-50-aniversario-de-doctor-who-se-acerca","status":"publish","type":"post","link":"https:\/\/blogs.elnortedecastilla.es\/pasameelmando\/2013\/03\/24\/el-50-aniversario-de-doctor-who-se-acerca\/","title":{"rendered":"El 50 Aniversario de Doctor Who se acerca"},"content":{"rendered":"<p>Vamos a ser sinceros. Es lo que estamos esperando. <a href=\"https:\/\/blogs.elnortedecastilla.es\/pasameelmando\/2012\/10\/01\/doctor-who-the-angels-take-manhattan-un-adios-a-lo-romeo-y-julieta\/\">Se acabaron los Pond <\/a>y lo que importa ahora son todos los acontecimientos relacionados con el <strong>50 Aniversario de la serie<\/strong>, la m\u00e1s longeva de la televisi\u00f3n, al menos en el terreno de la ciencia-ficci\u00f3n. Falta poco para que empiece la segunda tanda de cap\u00edtulos en los que se conmemorar\u00e1 este acontecimiento. <strong>El d\u00eda 30<\/strong> es el d\u00eda elegido (el 31 se estrena <a href=\"http:\/\/afondo.elnortedecastilla.es\/juegodetronos\" rel=\"external nofollow\">Juego de Tronos<\/a> que lo est\u00e1 empa\u00f1ando un poco todo) y BBC \u00a0no es HBO pero tambi\u00e9n tiene su maquinaria promocional. De momento ha lanzado un tr\u00e1iler de todo lo que queda de temporada y el adelanto del primer episodio &#8216;<strong>The Bells of Saint John<\/strong>&#8216;. Adem\u00e1s, un websodio precuela de este mismo episodio en el que se puede ver al Doctor charlando con una ni\u00f1a.<\/p>\n<p style=\"text-align: center;\"><a href=\"\/pasameelmando\/wp-content\/uploads\/sites\/10\/2013\/03\/doctor-clara.jpg\"><img loading=\"lazy\" class=\"aligncenter\" title=\"doctor-clara\" src=\"\/pasameelmando\/wp-content\/uploads\/sites\/10\/2013\/03\/doctor-clara.jpg\" alt=\"\" width=\"580\" height=\"338\" \/><\/a><a href=\"\/pasameelmando\/wp-content\/uploads\/sites\/10\/2013\/03\/doctor-clara.jpg\"><br \/>\n<\/a><\/p>\n<p style=\"text-align: right;\"><a href=\"https:\/\/blogs.elnortedecastilla.es\/pasameelmando\/2013\/03\/24\/el-50-aniversario-de-doctor-who-se-acerca\/\">Continuar leyendo<\/a>&#8230;<\/p>\n<p><!--more--><\/p>\n<p><!--more-->Adem\u00e1s queremos saber lo que pasa con la nueva companion.<strong> Clara Oswind<\/strong> o como se llame. Y el caso es que la historia promete bastante despu\u00e9s del <a href=\"https:\/\/blogs.elnortedecastilla.es\/pasameelmando\/2012\/12\/27\/el-doctor-la-companion-y-los-munecos-de-nieve-asesinos\/\">especial de Navida<\/a>d y aquel primer cap\u00edtulo de la primera temporada con los Daleks.<\/p>\n<p><span style=\"font-size: large;\">Tr\u00e1iler de la mid-season<\/span><\/p>\n<p><object width=\"580\" height=\"350\" classid=\"clsid:d27cdb6e-ae6d-11cf-96b8-444553540000\" codebase=\"http:\/\/download.macromedia.com\/pub\/shockwave\/cabs\/flash\/swflash.cab#version=6,0,40,0\"><param name=\"allowFullScreen\" value=\"true\" \/><param name=\"allowscriptaccess\" value=\"always\" \/><param name=\"src\" value=\"http:\/\/www.youtube.com\/v\/SRQu3MvRySA?version=3&#038;hl=es_ES\" \/><param name=\"allowfullscreen\" value=\"true\" \/><embed width=\"580\" height=\"350\" type=\"application\/x-shockwave-flash\" src=\"\/\/www.youtube.com\/v\/SRQu3MvRySA?version=3&#038;hl=es_ES\" allowFullScreen=\"true\" allowscriptaccess=\"always\" allowfullscreen=\"true\" \/><\/object><\/p>\n<p><span style=\"font-size: large;\">Adelanto de &#8216;The Bells of Saint John&#8217;<\/span><\/p>\n<p><object width=\"580\" height=\"350\" classid=\"clsid:d27cdb6e-ae6d-11cf-96b8-444553540000\" codebase=\"http:\/\/download.macromedia.com\/pub\/shockwave\/cabs\/flash\/swflash.cab#version=6,0,40,0\"><param name=\"allowFullScreen\" value=\"true\" \/><param name=\"allowscriptaccess\" value=\"always\" \/><param name=\"src\" value=\"http:\/\/www.youtube.com\/v\/Q2FTWhU5TIw?hl=es_ES&#038;version=3\" \/><param name=\"allowfullscreen\" value=\"true\" \/><embed width=\"580\" height=\"350\" type=\"application\/x-shockwave-flash\" src=\"\/\/www.youtube.com\/v\/Q2FTWhU5TIw?hl=es_ES&#038;version=3\" allowFullScreen=\"true\" allowscriptaccess=\"always\" allowfullscreen=\"true\" \/><\/object><\/p>\n<p><span style=\"font-size: large;\">Websodio precuela<\/span><\/p>\n<p><object width=\"580\" height=\"350\" classid=\"clsid:d27cdb6e-ae6d-11cf-96b8-444553540000\" codebase=\"http:\/\/download.macromedia.com\/pub\/shockwave\/cabs\/flash\/swflash.cab#version=6,0,40,0\"><param name=\"allowFullScreen\" value=\"true\" \/><param name=\"allowscriptaccess\" value=\"always\" \/><param name=\"src\" value=\"http:\/\/www.youtube.com\/v\/2IROtC6cAT4?hl=es_ES&#038;version=3\" \/><param name=\"allowfullscreen\" value=\"true\" \/><embed width=\"580\" height=\"350\" type=\"application\/x-shockwave-flash\" src=\"\/\/www.youtube.com\/v\/2IROtC6cAT4?hl=es_ES&#038;version=3\" allowFullScreen=\"true\" allowscriptaccess=\"always\" allowfullscreen=\"true\" \/><\/object><\/p>\n","protected":false},"excerpt":{"rendered":"<p>Vamos a ser sinceros. Es lo que estamos esperando. Se acabaron los Pond y lo que importa ahora son todos los acontecimientos relacionados con el 50 Aniversario de la serie, la m\u00e1s longeva de la televisi\u00f3n, al menos en el terreno de la ciencia-ficci\u00f3n. Falta poco para que empiece la segunda tanda de cap\u00edtulos en [&hellip;]<\/p>\n","protected":false},"author":15,"featured_media":0,"comment_status":"open","ping_status":"closed","sticky":false,"template":"","format":"standard","meta":[],"categories":[4],"tags":[30,67],"_links":{"self":[{"href":"https:\/\/blogs.elnortedecastilla.es\/pasameelmando\/wp-json\/wp\/v2\/posts\/1226"}],"collection":[{"href":"https:\/\/blogs.elnortedecastilla.es\/pasameelmando\/wp-json\/wp\/v2\/posts"}],"about":[{"href":"https:\/\/blogs.elnortedecastilla.es\/pasameelmando\/wp-json\/wp\/v2\/types\/post"}],"author":[{"embeddable":true,"href":"https:\/\/blogs.elnortedecastilla.es\/pasameelmando\/wp-json\/wp\/v2\/users\/15"}],"replies":[{"embeddable":true,"href":"https:\/\/blogs.elnortedecastilla.es\/pasameelmando\/wp-json\/wp\/v2\/comments?post=1226"}],"version-history":[{"count":0,"href":"https:\/\/blogs.elnortedecastilla.es\/pasameelmando\/wp-json\/wp\/v2\/posts\/1226\/revisions"}],"wp:attachment":[{"href":"https:\/\/blogs.elnortedecastilla.es\/pasameelmando\/wp-json\/wp\/v2\/media?parent=1226"}],"wp:term":[{"taxonomy":"category","embeddable":true,"href":"https:\/\/blogs.elnortedecastilla.es\/pasameelmando\/wp-json\/wp\/v2\/categories?post=1226"},{"taxonomy":"post_tag","embeddable":true,"href":"https:\/\/blogs.elnortedecastilla.es\/pasameelmando\/wp-json\/wp\/v2\/tags?post=1226"}],"curies":[{"name":"wp","href":"https:\/\/api.w.org\/{rel}","templated":true}]}}