{"id":129,"date":"2011-11-08T01:46:04","date_gmt":"2011-11-07T23:46:04","guid":{"rendered":"http:\/\/blogs.elnortedecastilla.es\/pasameelmando\/?p=129"},"modified":"2011-11-08T01:46:04","modified_gmt":"2011-11-07T23:46:04","slug":"2011-el-debate-sensaciones","status":"publish","type":"post","link":"https:\/\/blogs.elnortedecastilla.es\/pasameelmando\/2011\/11\/08\/2011-el-debate-sensaciones\/","title":{"rendered":"2011 El Debate. Sensaciones"},"content":{"rendered":"<p><a href=\"https:\/\/blogs.elnortedecastilla.es\/pasameelmando\/2011\/11\/08\/2011-el-debate-sensaciones\/debate\/\" rel=\"attachment wp-att-130\"><img loading=\"lazy\" class=\"aligncenter size-full wp-image-130\" src=\"\/pasameelmando\/wp-content\/uploads\/sites\/10\/2011\/11\/debate.jpg\" alt=\"Alfredo P\u00e9rez Rubalcaba, Mariano Rajoy y Manuel Campo Vidal entran en el plat\u00f3\" width=\"580\" height=\"300\" srcset=\"https:\/\/static-blogs.elnortedecastilla.es\/wp-content\/uploads\/sites\/10\/2011\/11\/debate.jpg 580w, https:\/\/static-blogs.elnortedecastilla.es\/wp-content\/uploads\/sites\/10\/2011\/11\/debate-300x155.jpg 300w\" sizes=\"(max-width: 580px) 100vw, 580px\" \/><\/a><\/p>\n<p>Existe un recurso period\u00edstico denominado \u2018percha informativa\u2019 que consiste en apoyarse en algo, la percha, para, sirvi\u00e9ndose de esta excusa, comentar un tema relacionado con ello.<\/p>\n<p>Hoy mi \u2018percha informativa\u2019 va a ser un \u2018tuit\u2019 que Carlos Carnicero ha escrito durante el cara a cara entre Mariano Rajoy y Alfredo P\u00e9rez Rubalcaba. En ella, el periodista ha afirmado que \u201ceste debate es m\u00e1s de gestos que de contenidos\u201d. Y, aprovechando la ocasi\u00f3n, y ci\u00f1\u00e9ndonos a que este es un blog de televisi\u00f3n y no de pol\u00edtica, voy a analizar las formas muy diferentes en que ambos han encarado sus intervenciones en la noche de hoy.<!--more--><\/p>\n<p><strong>Mariano Rajoy<\/strong><\/p>\n<p>El candidato popular, al que le cuesta lidiar con naturalidad ante las c\u00e1maras, ha resultado convincente en algunos tramos y ha sabido defenderse de los ataques constantes de Alfredo P\u00e9rez Rubalcaba aunque el socialista le ha llevado al desconcierto en varias ocasiones.<\/p>\n<p>Ha eludido, como ha podido, los temas m\u00e1s candentes y se ha apoyado en datos para revocar las palabras de su oponente. Lo peor de su estrategia en la noche de hoy ha sido creer que la mejor defensa es un buen ataque. Se ha dedicado, con demasiada vehemencia, a resaltar los malos datos del Gobierno en desempleo, d\u00e9ficit o sanidad y no ha presentado las propuestas que su partido quiere desarrollar.<\/p>\n<p>Constantemente ha le\u00eddo sus apuntes, desviando de esta manera la atenci\u00f3n del espectador y, adem\u00e1s, restando credibilidad a sus palabras puesto que estas pierden fuerza cuando se leen.<\/p>\n<p><strong>Alfredo P\u00e9rez Rubalcaba<\/strong><\/p>\n<p>Desde un primer momento ha dado la sensaci\u00f3n de tener mejor preparado el debate que su oponente. La mayor\u00eda de sus intervenciones las ha realizado de memoria, improvisando, y tanto el discurso inicial como el que cerr\u00f3 el debate los ha realizado con la mirada fija en la c\u00e1mara y de una vez, sin parones y con una oratoria perfecta. Sus constantes referencias al programa del Partido Popular han logrado poner en ocasiones a Rajoy contras las cuerdas.<\/p>\n<p>No obstante, ha ofrecido, en muchos puntos de las dos horas que ha durado la emisi\u00f3n, una forma poco limpia de jugar, interrumpiendo a Mariano Rajoy en varias ocasiones y cayendo, ambos candidatos, en un \u2018y tu m\u00e1s\u2019 que nada ten\u00eda que aportar a los espectadores. Esas frecuentes bajadas a la arena de Rubalcaba le han presentado ante los telespectadores como un hombre rudo y firme, s\u00ed, pero tambi\u00e9n como alguien que no deja hablar, que busca imponer m\u00e1s que proponer.<\/p>\n<p>Obviamente, ambos part\u00edan con una estrategia predefinida que llevan d\u00edas trabajando con sus asesores y que han diseminado a lo largo de todo este programa. Si me tengo que mojar dar\u00e9 como vencedor a Rubalcaba por sus convincentes exposiciones y su conocimiento del programa del partido contrario. No obstante, en el transcurso del debate, ha dado la sensaci\u00f3n de estar convencido de que va a perder las elecciones. Por su forma de referirse a Mariano Rajoy, por su forma de increparle sobre su programa electoral y, en especial, cuando en dos ocasiones se ha referido al futuro, dejando entrever que ser\u00e1 el Partido Popular quien gobierne.<\/p>\n<p>Se aceptan opiniones.<\/p>\n","protected":false},"excerpt":{"rendered":"<p>Existe un recurso period\u00edstico denominado \u2018percha informativa\u2019 que consiste en apoyarse en algo, la percha, para, sirvi\u00e9ndose de esta excusa, comentar un tema relacionado con ello. Hoy mi \u2018percha informativa\u2019 va a ser un \u2018tuit\u2019 que Carlos Carnicero ha escrito durante el cara a cara entre Mariano Rajoy y Alfredo P\u00e9rez Rubalcaba. En ella, el [&hellip;]<\/p>\n","protected":false},"author":17,"featured_media":0,"comment_status":"open","ping_status":"closed","sticky":false,"template":"","format":"standard","meta":[],"categories":[6],"tags":[],"_links":{"self":[{"href":"https:\/\/blogs.elnortedecastilla.es\/pasameelmando\/wp-json\/wp\/v2\/posts\/129"}],"collection":[{"href":"https:\/\/blogs.elnortedecastilla.es\/pasameelmando\/wp-json\/wp\/v2\/posts"}],"about":[{"href":"https:\/\/blogs.elnortedecastilla.es\/pasameelmando\/wp-json\/wp\/v2\/types\/post"}],"author":[{"embeddable":true,"href":"https:\/\/blogs.elnortedecastilla.es\/pasameelmando\/wp-json\/wp\/v2\/users\/17"}],"replies":[{"embeddable":true,"href":"https:\/\/blogs.elnortedecastilla.es\/pasameelmando\/wp-json\/wp\/v2\/comments?post=129"}],"version-history":[{"count":0,"href":"https:\/\/blogs.elnortedecastilla.es\/pasameelmando\/wp-json\/wp\/v2\/posts\/129\/revisions"}],"wp:attachment":[{"href":"https:\/\/blogs.elnortedecastilla.es\/pasameelmando\/wp-json\/wp\/v2\/media?parent=129"}],"wp:term":[{"taxonomy":"category","embeddable":true,"href":"https:\/\/blogs.elnortedecastilla.es\/pasameelmando\/wp-json\/wp\/v2\/categories?post=129"},{"taxonomy":"post_tag","embeddable":true,"href":"https:\/\/blogs.elnortedecastilla.es\/pasameelmando\/wp-json\/wp\/v2\/tags?post=129"}],"curies":[{"name":"wp","href":"https:\/\/api.w.org\/{rel}","templated":true}]}}