{"id":300,"date":"2012-03-20T13:04:39","date_gmt":"2012-03-20T11:04:39","guid":{"rendered":"http:\/\/blogs.elnortedecastilla.es\/pasameelmando\/?p=300"},"modified":"2012-03-20T13:04:39","modified_gmt":"2012-03-20T11:04:39","slug":"the-walking-dead-segunda-temporada","status":"publish","type":"post","link":"https:\/\/blogs.elnortedecastilla.es\/pasameelmando\/2012\/03\/20\/the-walking-dead-segunda-temporada\/","title":{"rendered":"The Walking Dead. Segunda temporada"},"content":{"rendered":"<p>\u00bfJustifica un cap\u00edtulo (o dos) y una escena los 13 cap\u00edtulos de una serie? Personalmente lo dudo mucho. Que nadie me malinterprete, <a href=\"http:\/\/https:\/\/blogs.elnortedecastilla.es\/pasameelmando\/tag\/the-walking-dead-2\/\" rel=\"external nofollow\">The Walking Dead <\/a><strong>tiene cantidad de cosas buenas<\/strong> pero tambi\u00e9n no tan buenas. Las que me han sacado de quicio han sido las mismas que a la inmensa mayor\u00eda, me temo.<\/p>\n<p style=\"text-align: center;\"><a href=\"\/pasameelmando\/wp-content\/uploads\/sites\/10\/2012\/03\/twd-segunda-spoilers.jpg\"><img loading=\"lazy\" class=\"aligncenter size-full wp-image-313\" title=\"twd-segunda-spoilers\" src=\"\/pasameelmando\/wp-content\/uploads\/sites\/10\/2012\/03\/twd-segunda-spoilers.jpg\" alt=\"\" width=\"580\" height=\"300\" srcset=\"https:\/\/static-blogs.elnortedecastilla.es\/wp-content\/uploads\/sites\/10\/2012\/03\/twd-segunda-spoilers.jpg 580w, https:\/\/static-blogs.elnortedecastilla.es\/wp-content\/uploads\/sites\/10\/2012\/03\/twd-segunda-spoilers-300x155.jpg 300w\" sizes=\"(max-width: 580px) 100vw, 580px\" \/><\/a><\/p>\n<p style=\"text-align: right;\"><a href=\"https:\/\/blogs.elnortedecastilla.es\/pasameelmando\/2012\/03\/20\/the-walking-dead-segunda-temporada\/\">Continuar leyendo<\/a>&#8230;<\/p>\n<p><!--more-->Esa <strong>apacible granja en medio de la nada<\/strong> d\u00f3nde parece que nada de ese infectado mundo exterior puede tocar a quienes est\u00e1n dentro es tan tranquilo que desespera. Pero vamos a dejar lo del ritmo insoportablemente lento, incluso, por el momento, vamos a dejar esos momentos brillantes de la segunda temporada -el tiroteo del cap\u00edtulo 7, la muerte de Shane y el \u00faltimo cap\u00edtulo- para centrarnos en un conjunto de <strong>personajes que evolucionan<\/strong> y se plantean los l\u00edmites de su propia &#8216;civilizaci\u00f3n&#8217;. Porque de eso trata esta segunda temporada: de las motivaciones y los <strong>dilemas morales que provoca la supervivencia<\/strong> en un mundo al l\u00edmite.<\/p>\n<p><strong>Rick deja de ser el buen chico<\/strong> para convertirse en un verdadero l\u00edder, uno autoritario que ya no quiere escuchar m\u00e1s a los que tiene a su alrededor. Y no me extra\u00f1a, si quien tuviera que tener alrededor es a Lori, su mujer. <strong>Esa t\u00eda me pone muy nerviosa<\/strong>. Cambia de idea seg\u00fan le viene el aire y confunde el apoyar a su marido con decirle a todo que s\u00ed tenga raz\u00f3n o no. Menos cuando Rick le cuenta que es el ni\u00f1o quien ha acabado con Shane-zombi.<\/p>\n<p style=\"text-align: center;\"><a href=\"\/pasameelmando\/wp-content\/uploads\/sites\/10\/2012\/03\/Zombie_Shane_The_Walking_Dead.jpg\"><img class=\"aligncenter size-full wp-image-310\" title=\"Zombie_Shane_The_Walking_Dead\" src=\"\/pasameelmando\/wp-content\/uploads\/sites\/10\/2012\/03\/Zombie_Shane_The_Walking_Dead.jpg\" alt=\"\" width=\"580\" srcset=\"https:\/\/static-blogs.elnortedecastilla.es\/wp-content\/uploads\/sites\/10\/2012\/03\/Zombie_Shane_The_Walking_Dead.jpg 1280w, https:\/\/static-blogs.elnortedecastilla.es\/wp-content\/uploads\/sites\/10\/2012\/03\/Zombie_Shane_The_Walking_Dead-300x199.jpg 300w, https:\/\/static-blogs.elnortedecastilla.es\/wp-content\/uploads\/sites\/10\/2012\/03\/Zombie_Shane_The_Walking_Dead-768x511.jpg 768w, https:\/\/static-blogs.elnortedecastilla.es\/wp-content\/uploads\/sites\/10\/2012\/03\/Zombie_Shane_The_Walking_Dead-1024x681.jpg 1024w\" sizes=\"(max-width: 1280px) 100vw, 1280px\" \/><\/a><\/p>\n<p>Pero llegamos a <strong>Carl, el hijo de ambos<\/strong>. Alguien mucho m\u00e1s cerca de Shane que de su padre en cuanto a car\u00e1cter y a la manera que tiene de abordar la supervivencia. Es \u00e9l quien <strong>pide a su padre que mate al prisionero del granero<\/strong> -algo que escandaliza al todav\u00eda moralmente recto Rick- y es \u00e9l qui\u00e9n <strong>remata a Shane<\/strong> despu\u00e9s de haberse levantado como un caminante. En primera instancia es Rick quien lo mata en una escena -para mi gusto- mejor que la del tiroteo del granero y la aparici\u00f3n de Sophia. Me parece m\u00e1s cotidiana, menos efectisca. <strong>La muerte de Shane<\/strong> era algo que todo el mundo esperaba despu\u00e9s de su descenso a los infiernos y esa locura desquiciada capaz de cualquier cosa por Lori y Carl.<\/p>\n<p><strong>Que Shane haya seguido vivo ha merecido la pena<\/strong>. Ha servido para poner a prueba la lealtad de Rick, <del>siempre<\/del> casi siempre inquebrantable. Es Rick quien apu\u00f1ala a Shane (estaba cantado) tras una conversaci\u00f3n \u00e9pica, en el epicentro de una tensi\u00f3n que se puede masticar. Para mi<strong> ha sido El Momento de esta segunda temporada<\/strong>. A su lado no me importa tanto el ataque a la granja.<\/p>\n<p style=\"text-align: center;\"><a href=\"\/pasameelmando\/wp-content\/uploads\/sites\/10\/2012\/03\/Zombies-in-The-Walking-Dead-Beside-the-Dying-Fire.jpg\"><img class=\"aligncenter size-full wp-image-301\" title=\"Zombies-in-The-Walking-Dead-Beside-the-Dying-Fire-600x422\" src=\"\/pasameelmando\/wp-content\/uploads\/sites\/10\/2012\/03\/Zombies-in-The-Walking-Dead-Beside-the-Dying-Fire.jpg\" alt=\"\" width=\"580\" \/><\/a><\/p>\n<p>Otra que ha cambiado mucho ha sido Andrea. Desde que muri\u00f3 su hermana no es la misma, pero la lucha que mantiene consigo misma por mantenerse viva (a pesar de no estar segura de desearlo) y aprender a defenderse solita pidiendo ayuda a Shane merecer\u00eda un cap\u00edtulo aparte. <strong>Andrea no es tibia como Lori<\/strong>, no espera la aprobaci\u00f3n de todo el mundo.<\/p>\n<p style=\"text-align: center;\"><a href=\"\/pasameelmando\/wp-content\/uploads\/sites\/10\/2012\/03\/episode-11-dale-walker.jpg\"><img class=\"aligncenter size-full wp-image-305\" title=\"episode-11-dale-walker\" src=\"\/pasameelmando\/wp-content\/uploads\/sites\/10\/2012\/03\/episode-11-dale-walker.jpg\" alt=\"\" width=\"580\" srcset=\"https:\/\/static-blogs.elnortedecastilla.es\/wp-content\/uploads\/sites\/10\/2012\/03\/episode-11-dale-walker.jpg 760w, https:\/\/static-blogs.elnortedecastilla.es\/wp-content\/uploads\/sites\/10\/2012\/03\/episode-11-dale-walker-300x211.jpg 300w\" sizes=\"(max-width: 760px) 100vw, 760px\" \/><\/a><\/p>\n<p>Dale es quien menos ha cambiado. <strong>Siempre fue un hombre de principios<\/strong>. El \u00fanico capaz de poner cordura en el desquiciamiento general aunque muy pocos le hagan caso. <strong>Su muerte es un tanto absurda<\/strong>\u00a0&#8211; con alarde gore incluido- y supongo que ayudar\u00e1 al viaje a los infiernos de Rick, que lo va a pasar muy muy mal. Poco queda del sheriff con alto sentido de la justicia. Y sin Dale menos aunque Hersel puede que\u00a0pal\u00ede\u00a0en cierta medida esta carencia.<\/p>\n<p style=\"text-align: center;\"><a href=\"\/pasameelmando\/wp-content\/uploads\/sites\/10\/2012\/03\/twd-s2-finale-group.jpg\"><img class=\"aligncenter size-full wp-image-306\" title=\"twd-s2-finale-group\" src=\"\/pasameelmando\/wp-content\/uploads\/sites\/10\/2012\/03\/twd-s2-finale-group.jpg\" alt=\"\" width=\"580\" srcset=\"https:\/\/static-blogs.elnortedecastilla.es\/wp-content\/uploads\/sites\/10\/2012\/03\/twd-s2-finale-group.jpg 600w, https:\/\/static-blogs.elnortedecastilla.es\/wp-content\/uploads\/sites\/10\/2012\/03\/twd-s2-finale-group-300x150.jpg 300w\" sizes=\"(max-width: 600px) 100vw, 600px\" \/><\/a><\/p>\n<p><strong>Daryl se erige como segundo al mando<\/strong> clar\u00edsimo despu\u00e9s de la muerte de Shane y adem\u00e1s, falta por aparecer su hermano (tarde o temprano lo har\u00e1). Daryl ha tenido sus alti-bajos con crisis de identidad incluida. Debajo de esa bipolaridad desarrollada despu\u00e9s de la muerte de Sophia se esconde alguien bastante cuerdo para como est\u00e1 el patio. Al ser <strong>un personaje que no existe en el c\u00f3mic<\/strong> puede que sea el que m\u00e1s capacidad de sorprender tiene.<\/p>\n<p><strong>Glenn sigue en su l\u00ednea de buen chico<\/strong> y ahora, adem\u00e1s, enamorado de Maggie, la hija del granjero que muchas veces demuestra m\u00e1s car\u00e1cter que su noviete. Hersel es el \u00fanico personaje de la granja que realmente se merecer\u00eda seguir un tiempo. <strong>Siempre ser\u00e1 el hombre que perdi\u00f3 la Esperanza<\/strong>&#8230; a ver como sobrevive. Respecto a los dem\u00e1s no se que comentar. Carol es sosa como ella sola, T-Dog no s\u00e9 muy bien que pinta y el resto de habitantes de la granja son como los personajes de relleno de Naruto. S\u00f3lo sirven para morir.<\/p>\n<p style=\"text-align: center;\"><a href=\"\/pasameelmando\/wp-content\/uploads\/sites\/10\/2012\/03\/Michonne-in-The-Walking-Dead-Beside-the-Dying-Fire.png\"><img class=\"aligncenter size-full wp-image-311\" title=\"Michonne-in-The-Walking-Dead-Beside-the-Dying-Fire-600x337\" src=\"\/pasameelmando\/wp-content\/uploads\/sites\/10\/2012\/03\/Michonne-in-The-Walking-Dead-Beside-the-Dying-Fire.png\" alt=\"\" width=\"580\" \/><\/a><\/p>\n<p>El enganche para la tercera temporada no puede ser mejor y adem\u00e1s es Andrea qui\u00e9n nos lo brinda. Despu\u00e9s de huir al bosque ella sola para abandonar una granja destru\u00edda y unos supervivientes dispersos, <strong>est\u00e1 a punto de morir devorada por los caminantes<\/strong>. Pero aparece una figura encapuchada y misteriosa acompa\u00f1ada de los zombis sin brazos. Para aquellos que hayan le\u00eddo el c\u00f3mic esa figura <strong>es Michonne<\/strong>. Uno de los mejores personajes que ha podido parir Kirkman.<\/p>\n<p style=\"text-align: center;\"><a href=\"\/pasameelmando\/wp-content\/uploads\/sites\/10\/2012\/03\/wd5.jpg\"><img class=\"aligncenter size-full wp-image-309\" title=\"wd5\" src=\"\/pasameelmando\/wp-content\/uploads\/sites\/10\/2012\/03\/wd5.jpg\" alt=\"\" width=\"580\" srcset=\"https:\/\/static-blogs.elnortedecastilla.es\/wp-content\/uploads\/sites\/10\/2012\/03\/wd5.jpg 600w, https:\/\/static-blogs.elnortedecastilla.es\/wp-content\/uploads\/sites\/10\/2012\/03\/wd5-300x167.jpg 300w\" sizes=\"(max-width: 600px) 100vw, 600px\" \/><\/a><\/p>\n<p>El discurso de Rick ante los supervivientes a cuenta de una\u00a0discusi\u00f3n\u00a0sobre si acampar o no es realmente \u00e9pica. <strong>&#8220;Si os queda\u00eds lo que de la democracia se ha acabado&#8221;<\/strong> es una aut\u00e9ntica declaraci\u00f3n de intenciones sobre lo que tiene pensado.<\/p>\n<p>Un plano de una enorme <strong>c\u00e1rcel perdida entre el bosque<\/strong> es lo \u00fanico que hace falta para perfilar <strong>la tercera temporada que tendr\u00e1 16 cap\u00edtulos.<\/strong>\u00a0Algo que no me termina de convencer puesto que <strong>los 13 de esta se pod\u00edan haber quedado tranquilamente en los 6 de la primera<\/strong> sin que la serie se resintiera. Es m\u00e1s, le hubiera hecho un gran bien al ritmo marcado.<\/p>\n<p>Ahora queda una larga espera por delante, hasta oto\u00f1o, para saber si realmente uno de los arcos m\u00e1s aclamados del c\u00f3mic (el de la c\u00e1rcel) tiene el mismo efecto en televisi\u00f3n.<\/p>\n","protected":false},"excerpt":{"rendered":"<p>\u00bfJustifica un cap\u00edtulo (o dos) y una escena los 13 cap\u00edtulos de una serie? Personalmente lo dudo mucho. Que nadie me malinterprete, The Walking Dead tiene cantidad de cosas buenas pero tambi\u00e9n no tan buenas. Las que me han sacado de quicio han sido las mismas que a la inmensa mayor\u00eda, me temo. Continuar leyendo&#8230;<\/p>\n","protected":false},"author":15,"featured_media":0,"comment_status":"open","ping_status":"closed","sticky":false,"template":"","format":"standard","meta":[],"categories":[4],"tags":[26,95,127,176,201],"_links":{"self":[{"href":"https:\/\/blogs.elnortedecastilla.es\/pasameelmando\/wp-json\/wp\/v2\/posts\/300"}],"collection":[{"href":"https:\/\/blogs.elnortedecastilla.es\/pasameelmando\/wp-json\/wp\/v2\/posts"}],"about":[{"href":"https:\/\/blogs.elnortedecastilla.es\/pasameelmando\/wp-json\/wp\/v2\/types\/post"}],"author":[{"embeddable":true,"href":"https:\/\/blogs.elnortedecastilla.es\/pasameelmando\/wp-json\/wp\/v2\/users\/15"}],"replies":[{"embeddable":true,"href":"https:\/\/blogs.elnortedecastilla.es\/pasameelmando\/wp-json\/wp\/v2\/comments?post=300"}],"version-history":[{"count":0,"href":"https:\/\/blogs.elnortedecastilla.es\/pasameelmando\/wp-json\/wp\/v2\/posts\/300\/revisions"}],"wp:attachment":[{"href":"https:\/\/blogs.elnortedecastilla.es\/pasameelmando\/wp-json\/wp\/v2\/media?parent=300"}],"wp:term":[{"taxonomy":"category","embeddable":true,"href":"https:\/\/blogs.elnortedecastilla.es\/pasameelmando\/wp-json\/wp\/v2\/categories?post=300"},{"taxonomy":"post_tag","embeddable":true,"href":"https:\/\/blogs.elnortedecastilla.es\/pasameelmando\/wp-json\/wp\/v2\/tags?post=300"}],"curies":[{"name":"wp","href":"https:\/\/api.w.org\/{rel}","templated":true}]}}