{"id":92,"date":"2011-10-05T09:39:14","date_gmt":"2011-10-05T07:39:14","guid":{"rendered":"http:\/\/blogs.elnortedecastilla.es\/pasameelmando\/?p=92"},"modified":"2011-10-05T09:39:14","modified_gmt":"2011-10-05T07:39:14","slug":"seis-webisodios-de-the-walking-dead-para-calentar-motores","status":"publish","type":"post","link":"https:\/\/blogs.elnortedecastilla.es\/pasameelmando\/2011\/10\/05\/seis-webisodios-de-the-walking-dead-para-calentar-motores\/","title":{"rendered":"Seis webisodios de &#039;The Walking Dead&#039; para calentar motores"},"content":{"rendered":"<h1 style=\"text-align: center\"><span style=\"color: #ff6600\"><strong>ACTUALIZADO<\/strong><\/span><\/h1>\n<p>De Youtube los han borrado pero en<a href=\"http:\/\/www.lasexta.com\/sextatv\/nosgustalatele\/webisodio__1___the_walking_dead___subtitulado\/272533\/5521\" target=\"_blank\" rel=\"external nofollow\"> la web de la Sexta<\/a> los tienen subtitulados.<\/p>\n<p>El d\u00eda <strong>16 de octubre en EE.UU.<\/strong> y el <strong>17 en Espa\u00f1a, en FOX,<\/strong> comienza la segunda y muy esperada temporada de &#8216;The Walking Dead&#8217; para aliviar la larga espera de los fans que ha conseguido a lo largo y ancho del mundo<strong> AMC ha difundido 6 webisodios<\/strong> de unos 3 minutos cada uno en los que narra la historia del primer zombi que aparece en el primer cap\u00edtulo de la primera temproada. Esa que est\u00e1 cortada por la mitad y a la que Grimes pega un tiro.<\/p>\n<p><!--more--><\/p>\n<p>De momento han salido tr\u00e1ilers y una rara manera de programar la temporada que har\u00e1 un par\u00f3n en Navidad. <strong>Del 16 de octubre y terminar\u00e1 el 27 de noviembre<\/strong> y volver\u00e1, de nuevo <strong>el 12 de febrero as\u00ed que el \u00faltimo se emitir\u00eda el 18 de marzo<\/strong>. Otro rumor que ha acompa\u00f1ado a esta segunda temporada de &#8216;The Walking Dead&#8217; es que la apuesta de AMC de hacer un debate posterior a los episodios. Lo que s\u00ed parece que es cierto es que hay un piloto grabado de la primera tertulia.<\/p>\n","protected":false},"excerpt":{"rendered":"<p>ACTUALIZADO De Youtube los han borrado pero en la web de la Sexta los tienen subtitulados. El d\u00eda 16 de octubre en EE.UU. y el 17 en Espa\u00f1a, en FOX, comienza la segunda y muy esperada temporada de &#8216;The Walking Dead&#8217; para aliviar la larga espera de los fans que ha conseguido a lo largo [&hellip;]<\/p>\n","protected":false},"author":15,"featured_media":0,"comment_status":"open","ping_status":"closed","sticky":false,"template":"","format":"standard","meta":[],"categories":[4],"tags":[26,95,201,213],"_links":{"self":[{"href":"https:\/\/blogs.elnortedecastilla.es\/pasameelmando\/wp-json\/wp\/v2\/posts\/92"}],"collection":[{"href":"https:\/\/blogs.elnortedecastilla.es\/pasameelmando\/wp-json\/wp\/v2\/posts"}],"about":[{"href":"https:\/\/blogs.elnortedecastilla.es\/pasameelmando\/wp-json\/wp\/v2\/types\/post"}],"author":[{"embeddable":true,"href":"https:\/\/blogs.elnortedecastilla.es\/pasameelmando\/wp-json\/wp\/v2\/users\/15"}],"replies":[{"embeddable":true,"href":"https:\/\/blogs.elnortedecastilla.es\/pasameelmando\/wp-json\/wp\/v2\/comments?post=92"}],"version-history":[{"count":0,"href":"https:\/\/blogs.elnortedecastilla.es\/pasameelmando\/wp-json\/wp\/v2\/posts\/92\/revisions"}],"wp:attachment":[{"href":"https:\/\/blogs.elnortedecastilla.es\/pasameelmando\/wp-json\/wp\/v2\/media?parent=92"}],"wp:term":[{"taxonomy":"category","embeddable":true,"href":"https:\/\/blogs.elnortedecastilla.es\/pasameelmando\/wp-json\/wp\/v2\/categories?post=92"},{"taxonomy":"post_tag","embeddable":true,"href":"https:\/\/blogs.elnortedecastilla.es\/pasameelmando\/wp-json\/wp\/v2\/tags?post=92"}],"curies":[{"name":"wp","href":"https:\/\/api.w.org\/{rel}","templated":true}]}}