{"id":173,"date":"2016-04-03T13:04:13","date_gmt":"2016-04-03T11:04:13","guid":{"rendered":"http:\/\/blogs.elnortedecastilla.es\/peroquemeestascontando\/?p=173"},"modified":"2016-04-03T13:04:13","modified_gmt":"2016-04-03T11:04:13","slug":"contrata-a-una-stripper-para-el-octavo-cumpleanos-de-su-hijo","status":"publish","type":"post","link":"https:\/\/blogs.elnortedecastilla.es\/peroquemeestascontando\/2016\/04\/03\/contrata-a-una-stripper-para-el-octavo-cumpleanos-de-su-hijo\/","title":{"rendered":"Contrata a una &#039;stripper&#039; para el octavo cumplea\u00f1os de su hijo"},"content":{"rendered":"<p>Indignaci\u00f3n en Internet con un v\u00eddeo subido a Instagram que ha enfadado a todos a partes iguales. En \u00e9l se ve como una bailarina en ropa interior mueve sus posaderas al son de la m\u00fasica, a pocos cent\u00edmetros de la cara de un ni\u00f1o, en un tipo de contoneo denominado &#8216;twerking&#8217;.<\/p>\n<p>Seg\u00fan afirma el Daily Mirror se cree que este v\u00eddeo fue grabado en Tampa, Florida, y muestra la fiesta de cumplea\u00f1os organizada por su madre para un ni\u00f1o de ocho a\u00f1os. \u00c9l es el protagonista ante el que se mueve la bailarina, y se le ve de espaldas, con una gorra, observando lo que est\u00e1 ocurriendo ante sus ojos. De fondo, las risas de lo que parecen ser m\u00e1s ni\u00f1os.<br \/>\n<iframe loading=\"lazy\" src=\"https:\/\/www.youtube.com\/embed\/l78bVUl1XV0\" frameborder=\"0\" width=\"560\" height=\"315\"><\/iframe><\/p>\n","protected":false},"excerpt":{"rendered":"<p>Indignaci\u00f3n en Internet con un v\u00eddeo subido a Instagram que ha enfadado a todos a partes iguales. En \u00e9l se ve como una bailarina en ropa interior mueve sus posaderas al son de la m\u00fasica, a pocos cent\u00edmetros de la cara de un ni\u00f1o, en un tipo de contoneo denominado &#8216;twerking&#8217;. Seg\u00fan afirma el Daily [&hellip;]<\/p>\n","protected":false},"author":11,"featured_media":0,"comment_status":"open","ping_status":"closed","sticky":false,"template":"","format":"standard","meta":[],"categories":[5],"tags":[],"_links":{"self":[{"href":"https:\/\/blogs.elnortedecastilla.es\/peroquemeestascontando\/wp-json\/wp\/v2\/posts\/173"}],"collection":[{"href":"https:\/\/blogs.elnortedecastilla.es\/peroquemeestascontando\/wp-json\/wp\/v2\/posts"}],"about":[{"href":"https:\/\/blogs.elnortedecastilla.es\/peroquemeestascontando\/wp-json\/wp\/v2\/types\/post"}],"author":[{"embeddable":true,"href":"https:\/\/blogs.elnortedecastilla.es\/peroquemeestascontando\/wp-json\/wp\/v2\/users\/11"}],"replies":[{"embeddable":true,"href":"https:\/\/blogs.elnortedecastilla.es\/peroquemeestascontando\/wp-json\/wp\/v2\/comments?post=173"}],"version-history":[{"count":0,"href":"https:\/\/blogs.elnortedecastilla.es\/peroquemeestascontando\/wp-json\/wp\/v2\/posts\/173\/revisions"}],"wp:attachment":[{"href":"https:\/\/blogs.elnortedecastilla.es\/peroquemeestascontando\/wp-json\/wp\/v2\/media?parent=173"}],"wp:term":[{"taxonomy":"category","embeddable":true,"href":"https:\/\/blogs.elnortedecastilla.es\/peroquemeestascontando\/wp-json\/wp\/v2\/categories?post=173"},{"taxonomy":"post_tag","embeddable":true,"href":"https:\/\/blogs.elnortedecastilla.es\/peroquemeestascontando\/wp-json\/wp\/v2\/tags?post=173"}],"curies":[{"name":"wp","href":"https:\/\/api.w.org\/{rel}","templated":true}]}}