{"id":176,"date":"2016-04-27T10:36:32","date_gmt":"2016-04-27T08:36:32","guid":{"rendered":"http:\/\/blogs.elnortedecastilla.es\/peroquemeestascontando\/?p=176"},"modified":"2016-04-27T10:36:32","modified_gmt":"2016-04-27T08:36:32","slug":"agua-que-se-quema-el-rio","status":"publish","type":"post","link":"https:\/\/blogs.elnortedecastilla.es\/peroquemeestascontando\/2016\/04\/27\/agua-que-se-quema-el-rio\/","title":{"rendered":"\u00a1Agua, que se quema el r\u00edo!"},"content":{"rendered":"<div id=\"attachment_177\" style=\"width: 910px\" class=\"wp-caption alignnone\"><a href=\"\/peroquemeestascontando\/wp-content\/uploads\/sites\/19\/2016\/04\/extintor-rio_xoptimizadax.jpg\"><img aria-describedby=\"caption-attachment-177\" loading=\"lazy\" class=\"size-full wp-image-177\" title=\"Extintor en el r\u00edo, Pe\u00f1afiel\" src=\"\/peroquemeestascontando\/wp-content\/uploads\/sites\/19\/2016\/04\/extintor-rio_xoptimizadax.jpg\" alt=\"Extintor en el r\u00edo, Pe\u00f1afiel\" width=\"900\" height=\"600\" srcset=\"https:\/\/static-blogs.elnortedecastilla.es\/wp-content\/uploads\/sites\/19\/2016\/04\/extintor-rio_xoptimizadax.jpg 900w, https:\/\/static-blogs.elnortedecastilla.es\/wp-content\/uploads\/sites\/19\/2016\/04\/extintor-rio_xoptimizadax-300x200.jpg 300w, https:\/\/static-blogs.elnortedecastilla.es\/wp-content\/uploads\/sites\/19\/2016\/04\/extintor-rio_xoptimizadax-768x512.jpg 768w\" sizes=\"(max-width: 900px) 100vw, 900px\" \/><\/a><p id=\"caption-attachment-177\" class=\"wp-caption-text\">Extintor en el r\u00edo en Pe\u00f1afiel<\/p><\/div>\n<p>A. OJONEGROS<\/p>\n<p>Hace escasos d\u00edas se celebraba el D\u00eda Internacional de la Tierra, una jornada para concienciar de los muchos y graves problemas que padece este planeta en el que cada a\u00f1o nos damos una vuelta alrededor del sol, y cada d\u00eda sobre nosotros mismos. A lo mejor en esto, en tanta vuelta y giro, radica tanta desorientaci\u00f3n.<br \/>\nEl 22 de abril, d\u00eda en cuesti\u00f3n, los medios de comunicaci\u00f3n se hicieron eco de la jornada, y, en esta era de redes sociales a pleno rendimiento -\u00a1m\u00e1s madera!-, en estas florecieron todo tipo de frases, im\u00e1genes y montajes de lo m\u00e1s buc\u00f3licos y solidarios con la casa com\u00fan en la que viajamos todos, que m\u00e1s que casa parece comunidad de vecinos mal avenida donde las humedades, desconchones\u2026 y otras eventualidades estructurales est\u00e1n a la orden del d\u00eda.<br \/>\nPues bien, mientras la realidad virtual muestra la mejor cara, o, el mejor maquillaje sobre ella a trav\u00e9s de nuestras mejores intenciones, la verdad verdadera de la realidad m\u00e1s real nos desmaquilla con la cotidianidad que reflejan im\u00e1genes como esta del r\u00edo Duero a su paso por la provincia vallisoletana. Eso s\u00ed, lo que no podr\u00e1n echarnos en cara -maquillada o no- es que en su cuenca se cumplen escrupulosamente los est\u00e1ndares de seguridad antiincendios, porque, qui\u00e9n sabe, quiz\u00e1 alg\u00fan d\u00eda empiece a arder el r\u00edo. Cosas m\u00e1s raras se han visto, para muestra, esta que refleja la foto.<\/p>\n","protected":false},"excerpt":{"rendered":"<p>A. OJONEGROS Hace escasos d\u00edas se celebraba el D\u00eda Internacional de la Tierra, una jornada para concienciar de los muchos y graves problemas que padece este planeta en el que cada a\u00f1o nos damos una vuelta alrededor del sol, y cada d\u00eda sobre nosotros mismos. A lo mejor en esto, en tanta vuelta y giro, [&hellip;]<\/p>\n","protected":false},"author":11,"featured_media":0,"comment_status":"open","ping_status":"closed","sticky":false,"template":"","format":"standard","meta":[],"categories":[3],"tags":[],"_links":{"self":[{"href":"https:\/\/blogs.elnortedecastilla.es\/peroquemeestascontando\/wp-json\/wp\/v2\/posts\/176"}],"collection":[{"href":"https:\/\/blogs.elnortedecastilla.es\/peroquemeestascontando\/wp-json\/wp\/v2\/posts"}],"about":[{"href":"https:\/\/blogs.elnortedecastilla.es\/peroquemeestascontando\/wp-json\/wp\/v2\/types\/post"}],"author":[{"embeddable":true,"href":"https:\/\/blogs.elnortedecastilla.es\/peroquemeestascontando\/wp-json\/wp\/v2\/users\/11"}],"replies":[{"embeddable":true,"href":"https:\/\/blogs.elnortedecastilla.es\/peroquemeestascontando\/wp-json\/wp\/v2\/comments?post=176"}],"version-history":[{"count":0,"href":"https:\/\/blogs.elnortedecastilla.es\/peroquemeestascontando\/wp-json\/wp\/v2\/posts\/176\/revisions"}],"wp:attachment":[{"href":"https:\/\/blogs.elnortedecastilla.es\/peroquemeestascontando\/wp-json\/wp\/v2\/media?parent=176"}],"wp:term":[{"taxonomy":"category","embeddable":true,"href":"https:\/\/blogs.elnortedecastilla.es\/peroquemeestascontando\/wp-json\/wp\/v2\/categories?post=176"},{"taxonomy":"post_tag","embeddable":true,"href":"https:\/\/blogs.elnortedecastilla.es\/peroquemeestascontando\/wp-json\/wp\/v2\/tags?post=176"}],"curies":[{"name":"wp","href":"https:\/\/api.w.org\/{rel}","templated":true}]}}