{"id":182,"date":"2016-04-27T19:35:20","date_gmt":"2016-04-27T17:35:20","guid":{"rendered":"http:\/\/blogs.elnortedecastilla.es\/peroquemeestascontando\/?p=182"},"modified":"2016-04-27T19:35:20","modified_gmt":"2016-04-27T17:35:20","slug":"la-culpa-fue-de-batman","status":"publish","type":"post","link":"https:\/\/blogs.elnortedecastilla.es\/peroquemeestascontando\/2016\/04\/27\/la-culpa-fue-de-batman\/","title":{"rendered":"La culpa fue de Batman"},"content":{"rendered":"<p>Un ni\u00f1o, un espejo y mucha imaginaci\u00f3n. Este tierno infante de tan solo dos a\u00f1os desata su creatividad art\u00edstica contra el espejo del ba\u00f1o. Cuando le pillan casi &#8216;in-fraganti&#8217;, ni lo duda. Ni siquiera el interrogatorio de su madre consigue quebrarle. \u00a1\u00a1La culpa ha sido de Batman!!<br \/>\n<iframe loading=\"lazy\" src=\"\/\/players.brightcove.net\/86746486001\/default_default\/index.html?videoId=4865618807001\" width=\"580\" height=\"450\"><\/iframe><\/p>\n","protected":false},"excerpt":{"rendered":"<p>Un ni\u00f1o, un espejo y mucha imaginaci\u00f3n. Este tierno infante de tan solo dos a\u00f1os desata su creatividad art\u00edstica contra el espejo del ba\u00f1o. Cuando le pillan casi &#8216;in-fraganti&#8217;, ni lo duda. Ni siquiera el interrogatorio de su madre consigue quebrarle. \u00a1\u00a1La culpa ha sido de Batman!!<\/p>\n","protected":false},"author":11,"featured_media":0,"comment_status":"open","ping_status":"closed","sticky":false,"template":"","format":"standard","meta":[],"categories":[3],"tags":[12,32,47],"_links":{"self":[{"href":"https:\/\/blogs.elnortedecastilla.es\/peroquemeestascontando\/wp-json\/wp\/v2\/posts\/182"}],"collection":[{"href":"https:\/\/blogs.elnortedecastilla.es\/peroquemeestascontando\/wp-json\/wp\/v2\/posts"}],"about":[{"href":"https:\/\/blogs.elnortedecastilla.es\/peroquemeestascontando\/wp-json\/wp\/v2\/types\/post"}],"author":[{"embeddable":true,"href":"https:\/\/blogs.elnortedecastilla.es\/peroquemeestascontando\/wp-json\/wp\/v2\/users\/11"}],"replies":[{"embeddable":true,"href":"https:\/\/blogs.elnortedecastilla.es\/peroquemeestascontando\/wp-json\/wp\/v2\/comments?post=182"}],"version-history":[{"count":0,"href":"https:\/\/blogs.elnortedecastilla.es\/peroquemeestascontando\/wp-json\/wp\/v2\/posts\/182\/revisions"}],"wp:attachment":[{"href":"https:\/\/blogs.elnortedecastilla.es\/peroquemeestascontando\/wp-json\/wp\/v2\/media?parent=182"}],"wp:term":[{"taxonomy":"category","embeddable":true,"href":"https:\/\/blogs.elnortedecastilla.es\/peroquemeestascontando\/wp-json\/wp\/v2\/categories?post=182"},{"taxonomy":"post_tag","embeddable":true,"href":"https:\/\/blogs.elnortedecastilla.es\/peroquemeestascontando\/wp-json\/wp\/v2\/tags?post=182"}],"curies":[{"name":"wp","href":"https:\/\/api.w.org\/{rel}","templated":true}]}}