{"id":193,"date":"2016-05-18T18:17:59","date_gmt":"2016-05-18T16:17:59","guid":{"rendered":"http:\/\/blogs.elnortedecastilla.es\/peroquemeestascontando\/?p=193"},"modified":"2016-05-18T18:17:59","modified_gmt":"2016-05-18T16:17:59","slug":"inicia-una-acampada-porque-no-le-permiten-pasar-por-mcauto-con-su-coche-de-caballos","status":"publish","type":"post","link":"https:\/\/blogs.elnortedecastilla.es\/peroquemeestascontando\/2016\/05\/18\/inicia-una-acampada-porque-no-le-permiten-pasar-por-mcauto-con-su-coche-de-caballos\/","title":{"rendered":"Inicia una acampada porque no le permiten pasar por McAuto con su coche de caballos"},"content":{"rendered":"<div class=\"mceTemp mceIEcenter\">\n<dl id=\"attachment_194\" class=\"wp-caption aligncenter\" style=\"width: 625px;\">\n<dt class=\"wp-caption-dt\"><a href=\"\/peroquemeestascontando\/wp-content\/uploads\/sites\/19\/2016\/05\/JS89475741_xoptimizadax.jpg\"><img loading=\"lazy\" class=\"size-full wp-image-194\" title=\"Va al McAuto con su carro y su caballo\" src=\"\/peroquemeestascontando\/wp-content\/uploads\/sites\/19\/2016\/05\/JS89475741_xoptimizadax.jpg\" alt=\"Va al McAuto con su carro y su caballo\" width=\"615\" height=\"410\" srcset=\"https:\/\/static-blogs.elnortedecastilla.es\/wp-content\/uploads\/sites\/19\/2016\/05\/JS89475741_xoptimizadax.jpg 615w, https:\/\/static-blogs.elnortedecastilla.es\/wp-content\/uploads\/sites\/19\/2016\/05\/JS89475741_xoptimizadax-300x200.jpg 300w\" sizes=\"(max-width: 615px) 100vw, 615px\" \/><\/a><\/dt>\n<dd class=\"wp-caption-dd\"><\/dd>\n<\/dl>\n<\/div>\n<p>\u00abMi caballo tiene m\u00e1s derecho que cualquiera de esos coches a estar en la carretera\u00bb, \u00abestaban aqu\u00ed antes que cualquier otro veh\u00edculo a motor\u00bb. As\u00ed defiende Connor John Hamer su protesta frente al McDonald&#8217;s de la localidad inglesa de Pilsworth despu\u00e9s de que la compa\u00f1\u00eda no le permitiera recoger un pedido en McAuto porque no se encontraba en un veh\u00edculo motorizado, sino a bordo de un carro tirado por su caballo.<\/p>\n<p><!--more--><\/p>\n<p>Este joven de 23 a\u00f1os se present\u00f3 en el restaurante de esta guisa y la joven empleada del autoservicio no le quiso atender porque, seg\u00fan las normas de la compa\u00f1\u00eda, la recogida de pedidos desde \u00a0la zona exterior de sus restaurantes est\u00e1 reservada \u00fanicamente a veh\u00edculos a motor. Seg\u00fan un responsable de McDonalds consultado por el peri\u00f3dico Manchester Evening News, medio que ha publicado la noticia, las l\u00edneas de autoservicio de estos restaurantes de comida r\u00e1pida \u00abest\u00e1n espec\u00edficamente dise\u00f1adas para veh\u00edculos motorizados. La proximidad de veh\u00edculos a motor en \u00e9stas \u00e1reas frecuentemente ocupadas, con espacio limitado, inducen a que no sean aptas para peatones, ciclistas, caballos o coches tirados por caballos\u00bb.<\/p>\n<p>El joven, que grab\u00f3 en v\u00eddeo lo sucedido, defiende que su medio de transporte es saludable y, tras el incidente, asegura que no se mover\u00e1 hasta que la compa\u00f1\u00eda le permita completar la acci\u00f3n junto a su caballo&#8230; y su carro.<\/p>\n<p>&nbsp;<\/p>\n<p><iframe loading=\"lazy\" src=\"https:\/\/www.youtube.com\/embed\/igslAkDTRJw\" frameborder=\"0\" width=\"420\" height=\"315\"><\/iframe><\/p>\n","protected":false},"excerpt":{"rendered":"<p>\u00abMi caballo tiene m\u00e1s derecho que cualquiera de esos coches a estar en la carretera\u00bb, \u00abestaban aqu\u00ed antes que cualquier otro veh\u00edculo a motor\u00bb. As\u00ed defiende Connor John Hamer su protesta frente al McDonald&#8217;s de la localidad inglesa de Pilsworth despu\u00e9s de que la compa\u00f1\u00eda no le permitiera recoger un pedido en McAuto porque no [&hellip;]<\/p>\n","protected":false},"author":11,"featured_media":0,"comment_status":"open","ping_status":"closed","sticky":false,"template":"","format":"standard","meta":[],"categories":[5],"tags":[],"_links":{"self":[{"href":"https:\/\/blogs.elnortedecastilla.es\/peroquemeestascontando\/wp-json\/wp\/v2\/posts\/193"}],"collection":[{"href":"https:\/\/blogs.elnortedecastilla.es\/peroquemeestascontando\/wp-json\/wp\/v2\/posts"}],"about":[{"href":"https:\/\/blogs.elnortedecastilla.es\/peroquemeestascontando\/wp-json\/wp\/v2\/types\/post"}],"author":[{"embeddable":true,"href":"https:\/\/blogs.elnortedecastilla.es\/peroquemeestascontando\/wp-json\/wp\/v2\/users\/11"}],"replies":[{"embeddable":true,"href":"https:\/\/blogs.elnortedecastilla.es\/peroquemeestascontando\/wp-json\/wp\/v2\/comments?post=193"}],"version-history":[{"count":0,"href":"https:\/\/blogs.elnortedecastilla.es\/peroquemeestascontando\/wp-json\/wp\/v2\/posts\/193\/revisions"}],"wp:attachment":[{"href":"https:\/\/blogs.elnortedecastilla.es\/peroquemeestascontando\/wp-json\/wp\/v2\/media?parent=193"}],"wp:term":[{"taxonomy":"category","embeddable":true,"href":"https:\/\/blogs.elnortedecastilla.es\/peroquemeestascontando\/wp-json\/wp\/v2\/categories?post=193"},{"taxonomy":"post_tag","embeddable":true,"href":"https:\/\/blogs.elnortedecastilla.es\/peroquemeestascontando\/wp-json\/wp\/v2\/tags?post=193"}],"curies":[{"name":"wp","href":"https:\/\/api.w.org\/{rel}","templated":true}]}}