{"id":199,"date":"2016-06-03T16:39:37","date_gmt":"2016-06-03T14:39:37","guid":{"rendered":"http:\/\/blogs.elnortedecastilla.es\/peroquemeestascontando\/?p=199"},"modified":"2016-06-03T16:39:37","modified_gmt":"2016-06-03T14:39:37","slug":"obsolescencia-programada","status":"publish","type":"post","link":"https:\/\/blogs.elnortedecastilla.es\/peroquemeestascontando\/2016\/06\/03\/obsolescencia-programada\/","title":{"rendered":"Obsolescencia programada"},"content":{"rendered":"<p>La expresi\u00f3n se las trae, o, mejor dicho, se las lleva. Se las trae porque no resulta f\u00e1cil pronunciar `obsolescencia\u00b4 y se las lleva porque como recoge la RAE, obsolescente es todo aquello que est\u00e1 volvi\u00e9ndose obsoleto y que m\u00e1s tarde o m\u00e1s temprano pasar\u00e1 a mejor vida, siendo esta -sin duda- la expresi\u00f3n m\u00e1s optimista de lo que puede esperarnos en el m\u00e1s all\u00e1. Porque s\u00ed amigos, no descubro nada si digo que el ser humano tambi\u00e9n es obsolescente; biol\u00f3gicamente venimos de f\u00e1brica con obsolescencia programada.<\/p>\n<p style=\"text-align: center;\"><a href=\"\/peroquemeestascontando\/wp-content\/uploads\/sites\/19\/2016\/06\/bicis-fompedraza.jpg\"><img class=\"aligncenter  wp-image-200\" title=\"bicis-fompedraza\" src=\"\/peroquemeestascontando\/wp-content\/uploads\/sites\/19\/2016\/06\/bicis-fompedraza.jpg\" alt=\"\" width=\"580\" srcset=\"https:\/\/static-blogs.elnortedecastilla.es\/wp-content\/uploads\/sites\/19\/2016\/06\/bicis-fompedraza.jpg 4533w, https:\/\/static-blogs.elnortedecastilla.es\/wp-content\/uploads\/sites\/19\/2016\/06\/bicis-fompedraza-300x200.jpg 300w, https:\/\/static-blogs.elnortedecastilla.es\/wp-content\/uploads\/sites\/19\/2016\/06\/bicis-fompedraza-768x512.jpg 768w, https:\/\/static-blogs.elnortedecastilla.es\/wp-content\/uploads\/sites\/19\/2016\/06\/bicis-fompedraza-1024x683.jpg 1024w\" sizes=\"(max-width: 4533px) 100vw, 4533px\" \/><\/a><\/p>\n<p><!--more--><\/p>\n<p>Pero resulta curioso que cuanto m\u00e1s hace la ciencia para que persistamos m\u00e1s y mejor en el tiempo, aquello que nos rodea y que \u2013hipot\u00e9ticamente- debe contribuir a mejorar nuestra calidad de vida, se dise\u00f1e \u2013presuntamente- para que tenga los d\u00edas contados. De ah\u00ed que todav\u00eda se pueda escuchar a los m\u00e1s perdurables del lugar aquello de: `Ya no se hacen las cosas como antes\u00b4. Pues no, tanto es as\u00ed que por sobrados, desvanes y rincones varios no es dif\u00edcil encontrar bajo una s\u00e1bana de polvo bicicletas como las de la imagen, que el abuelo aparc\u00f3 un buen d\u00eda despu\u00e9s de que hijos y nietos pasasen sus mejores y m\u00e1s azules veranos pedaleando y desoll\u00e1ndose las rodillas. Estas en concreto coronan el muro de un patio situado junto a la traves\u00eda de la VA-223 a su paso por la localidad de Fompedraza, en la comarca de Pe\u00f1afiel (Valladolid).<\/p>\n<p>Antes, hasta donde llega mi entender, era motivo de orgullo y satisfacci\u00f3n para cualquier empresa o profesional ser reconocidos por la durabilidad de sus productos o del objeto de su trabajo. Y si alguno se estropeaba, pues nada, se cambiaba la l\u00e1mpara del televisor, la v\u00e1lvula de la radio y a tirar millas -si hab\u00eda que esperar unos meses a que llegase la pieza de recambio de Alemania, pues se esperaba-.<\/p>\n<p>En la actualidad no. La ciencia avanza que es una barbaridad, tanta \u2013barbaridad-, que lo que hoy es el \u00faltimo grito ma\u00f1ana es el \u00faltimo y triste lamento de lo que ha quedado desfasado u obsoleto, o, porque la obsolescencia de serie se ha activado desactivando el invento. As\u00ed que lo coges, lo llevas a la tienda y qu\u00e9 es lo que te dicen -o te dices-: `Sale m\u00e1s barato uno nuevo\u00b4.<\/p>\n<p>Ese parece ser es eslogan de estos tiempos, o el mayor de sus mantras: `Sale m\u00e1s barato uno nuevo\u00b4. Desde luego que si el autor \u2013o autora- cobrase por derechos de eso, de autor\u00eda, encabezar\u00eda la famosa lista Forbes de los m\u00e1s acaudalados del planeta durante varias generaciones. Porque el lema ha calado bien.<\/p>\n<p>En fin, que, parafraseando a Sabina, \u201cal final lleg\u00f3 el final\u201d y como todo texto este tambi\u00e9n tiene las l\u00edneas contadas, porque: Sale m\u00e1s barato uno nuevo.<\/p>\n","protected":false},"excerpt":{"rendered":"<p>La expresi\u00f3n se las trae, o, mejor dicho, se las lleva. Se las trae porque no resulta f\u00e1cil pronunciar `obsolescencia\u00b4 y se las lleva porque como recoge la RAE, obsolescente es todo aquello que est\u00e1 volvi\u00e9ndose obsoleto y que m\u00e1s tarde o m\u00e1s temprano pasar\u00e1 a mejor vida, siendo esta -sin duda- la expresi\u00f3n m\u00e1s [&hellip;]<\/p>\n","protected":false},"author":11,"featured_media":0,"comment_status":"open","ping_status":"closed","sticky":false,"template":"","format":"standard","meta":[],"categories":[3],"tags":[13,24,33,36],"_links":{"self":[{"href":"https:\/\/blogs.elnortedecastilla.es\/peroquemeestascontando\/wp-json\/wp\/v2\/posts\/199"}],"collection":[{"href":"https:\/\/blogs.elnortedecastilla.es\/peroquemeestascontando\/wp-json\/wp\/v2\/posts"}],"about":[{"href":"https:\/\/blogs.elnortedecastilla.es\/peroquemeestascontando\/wp-json\/wp\/v2\/types\/post"}],"author":[{"embeddable":true,"href":"https:\/\/blogs.elnortedecastilla.es\/peroquemeestascontando\/wp-json\/wp\/v2\/users\/11"}],"replies":[{"embeddable":true,"href":"https:\/\/blogs.elnortedecastilla.es\/peroquemeestascontando\/wp-json\/wp\/v2\/comments?post=199"}],"version-history":[{"count":0,"href":"https:\/\/blogs.elnortedecastilla.es\/peroquemeestascontando\/wp-json\/wp\/v2\/posts\/199\/revisions"}],"wp:attachment":[{"href":"https:\/\/blogs.elnortedecastilla.es\/peroquemeestascontando\/wp-json\/wp\/v2\/media?parent=199"}],"wp:term":[{"taxonomy":"category","embeddable":true,"href":"https:\/\/blogs.elnortedecastilla.es\/peroquemeestascontando\/wp-json\/wp\/v2\/categories?post=199"},{"taxonomy":"post_tag","embeddable":true,"href":"https:\/\/blogs.elnortedecastilla.es\/peroquemeestascontando\/wp-json\/wp\/v2\/tags?post=199"}],"curies":[{"name":"wp","href":"https:\/\/api.w.org\/{rel}","templated":true}]}}