{"id":207,"date":"2016-11-03T19:32:15","date_gmt":"2016-11-03T18:32:15","guid":{"rendered":"http:\/\/blogs.elnortedecastilla.es\/peroquemeestascontando\/?p=207"},"modified":"2016-11-03T19:32:15","modified_gmt":"2016-11-03T18:32:15","slug":"incendio-en-un-quirofano-por-una-flatulencia","status":"publish","type":"post","link":"https:\/\/blogs.elnortedecastilla.es\/peroquemeestascontando\/2016\/11\/03\/incendio-en-un-quirofano-por-una-flatulencia\/","title":{"rendered":"Incendio en un quir\u00f3fano&#8230; por una flatulencia"},"content":{"rendered":"<p>En una intervenci\u00f3n quir\u00fargica el pasado 15 de abril en Tokio sucedi\u00f3 algo realmente ins\u00f3lito. La paciente estaba siendo sometida a una operaci\u00f3n de c\u00e9rvix sufri\u00f3 quemaduras de segundo grado en las piernas y en la cintura. Y todo porque una flatulencia involuntaria invadi\u00f3 el lugar, interfiri\u00f3 con el l\u00e1ser que prendi\u00f3 fuego y estall\u00f3 como si de una bomba se tratase. Un caso realmente extra\u00f1o ya que la inmensa mayor\u00eda de las personas no son capaces de producir el suficiente metano como para que prenda fuego.<\/p>\n<p style=\"text-align: center;\"><a href=\"\/peroquemeestascontando\/wp-content\/uploads\/sites\/19\/2016\/11\/quirofano.jpg\"><img class=\"aligncenter  wp-image-208\" title=\"THAILAND-HEALTH-STEMCELL-HEART\" src=\"\/peroquemeestascontando\/wp-content\/uploads\/sites\/19\/2016\/11\/quirofano.jpg\" alt=\"\" width=\"580\" srcset=\"https:\/\/static-blogs.elnortedecastilla.es\/wp-content\/uploads\/sites\/19\/2016\/11\/quirofano.jpg 3330w, https:\/\/static-blogs.elnortedecastilla.es\/wp-content\/uploads\/sites\/19\/2016\/11\/quirofano-300x204.jpg 300w, https:\/\/static-blogs.elnortedecastilla.es\/wp-content\/uploads\/sites\/19\/2016\/11\/quirofano-768x521.jpg 768w, https:\/\/static-blogs.elnortedecastilla.es\/wp-content\/uploads\/sites\/19\/2016\/11\/quirofano-1024x695.jpg 1024w\" sizes=\"(max-width: 3330px) 100vw, 3330px\" \/><\/a><\/p>\n<p><!--more--><\/p>\n<p>Todo sucedi\u00f3 el pasado 15 de abril aunque la noticia se ha conocido ahora despu\u00e9s de que un comit\u00e9 externo haya evaluado los hechos y ya descartado el mal estado del instrumental del quir\u00f3fano. Las conclusiones son que todo tuvo lugar debido a una extra\u00f1a e inusual concatenaci\u00f3n de los hechos:\u00a0<em>\u201cCuando el gas intestinal del paciente se filtr\u00f3 dentro de la sala de operaciones, entr\u00f3 en ignici\u00f3n con la irradiaci\u00f3n del l\u00e1ser, y la explosi\u00f3n se expandi\u00f3, alcanzando eventualmente el equipo quir\u00fargico y causando el fuego\u201d<\/em>.<\/p>\n","protected":false},"excerpt":{"rendered":"<p>En una intervenci\u00f3n quir\u00fargica el pasado 15 de abril en Tokio sucedi\u00f3 algo realmente ins\u00f3lito. La paciente estaba siendo sometida a una operaci\u00f3n de c\u00e9rvix sufri\u00f3 quemaduras de segundo grado en las piernas y en la cintura. Y todo porque una flatulencia involuntaria invadi\u00f3 el lugar, interfiri\u00f3 con el l\u00e1ser que prendi\u00f3 fuego y estall\u00f3 [&hellip;]<\/p>\n","protected":false},"author":11,"featured_media":0,"comment_status":"open","ping_status":"closed","sticky":false,"template":"","format":"standard","meta":[],"categories":[3],"tags":[25,29,35,43],"_links":{"self":[{"href":"https:\/\/blogs.elnortedecastilla.es\/peroquemeestascontando\/wp-json\/wp\/v2\/posts\/207"}],"collection":[{"href":"https:\/\/blogs.elnortedecastilla.es\/peroquemeestascontando\/wp-json\/wp\/v2\/posts"}],"about":[{"href":"https:\/\/blogs.elnortedecastilla.es\/peroquemeestascontando\/wp-json\/wp\/v2\/types\/post"}],"author":[{"embeddable":true,"href":"https:\/\/blogs.elnortedecastilla.es\/peroquemeestascontando\/wp-json\/wp\/v2\/users\/11"}],"replies":[{"embeddable":true,"href":"https:\/\/blogs.elnortedecastilla.es\/peroquemeestascontando\/wp-json\/wp\/v2\/comments?post=207"}],"version-history":[{"count":0,"href":"https:\/\/blogs.elnortedecastilla.es\/peroquemeestascontando\/wp-json\/wp\/v2\/posts\/207\/revisions"}],"wp:attachment":[{"href":"https:\/\/blogs.elnortedecastilla.es\/peroquemeestascontando\/wp-json\/wp\/v2\/media?parent=207"}],"wp:term":[{"taxonomy":"category","embeddable":true,"href":"https:\/\/blogs.elnortedecastilla.es\/peroquemeestascontando\/wp-json\/wp\/v2\/categories?post=207"},{"taxonomy":"post_tag","embeddable":true,"href":"https:\/\/blogs.elnortedecastilla.es\/peroquemeestascontando\/wp-json\/wp\/v2\/tags?post=207"}],"curies":[{"name":"wp","href":"https:\/\/api.w.org\/{rel}","templated":true}]}}