{"id":16,"date":"2012-02-07T10:41:14","date_gmt":"2012-02-07T09:41:14","guid":{"rendered":"http:\/\/blogs.elnortedecastilla.es\/quenosquitenlobailao\/?p=16"},"modified":"2012-02-07T10:41:14","modified_gmt":"2012-02-07T09:41:14","slug":"caso-contador-sancion-si-injusta-tambien","status":"publish","type":"post","link":"https:\/\/blogs.elnortedecastilla.es\/quenosquitenlobailao\/2012\/02\/07\/caso-contador-sancion-si-injusta-tambien\/","title":{"rendered":"Caso Contador: Sanci\u00f3n s\u00ed, injusta tambi\u00e9n"},"content":{"rendered":"<p style=\"text-align: center;\"><a href=\"\/voc-migration\/endpointsite\/wp-content\/uploads\/sites\/134\/2012\/02\/contador-bagneres.jpg\"><img loading=\"lazy\" class=\"size-full wp-image-17 aligncenter\" title=\"Alberto Contador sube al podio de Bagneres de Luchon en el Tour de 2010\" src=\"\/voc-migration\/endpointsite\/wp-content\/uploads\/sites\/134\/2012\/02\/contador-bagneres.jpg\" alt=\"Alberto Contador sube al podio de Bagneres de Luchon en el Tour de 2010\" width=\"647\" height=\"230\" srcset=\"https:\/\/static-blogs.elnortedecastilla.es\/wp-content\/uploads\/sites\/134\/2012\/02\/contador-bagneres.jpg 647w, https:\/\/static-blogs.elnortedecastilla.es\/wp-content\/uploads\/sites\/134\/2012\/02\/contador-bagneres-300x107.jpg 300w\" sizes=\"(max-width: 647px) 100vw, 647px\" \/><\/a><\/p>\n<p>Dif\u00edcil, sin duda, opinar sobre la <a href=\"http:\/\/www.elnortedecastilla.es\/rc\/20120206\/deportes\/otros\/contador-final-camino-201202060318.html\" target=\"_blank\" rel=\"external nofollow\">resoluci\u00f3n del TAS<\/a> en el Caso Contador. Y lo complicado no es dar una opini\u00f3n, sino hacerlo sin dejarse influenciar porque el ciclista sea espa\u00f1ol, porque nos parece una buena persona o porque el proceso ha sido una chapuza de principio a fin.<\/p>\n<p>Hay un dato innegable y cient\u00edficamente demostrado, Alberto Contador dio positivo en un control antidopaje en la jornada de descanso del 21 de julio del Tour de 2010. 50 picogramos de Clembuterol, una sustancia prohibida en el ciclismo aunque no est\u00e1 demostrado que la cantidad de ella que el de Pinto ten\u00eda en la sangre afectase a su rendimiento, puesto que era demasiado baja. No obstante, la Uni\u00f3n Ciclista Internacional prohibe tajantemente esta sustancia y sanciona su aparici\u00f3n en el organismo de los corredores, sea cual sea la cantidad de ella que se encuentre.<\/p>\n<p style=\"text-align: right;\"><a href=\"https:\/\/blogs.elnortedecastilla.es\/quenosquitenlobailao\/2012\/02\/07\/caso-contador-sancion-si-injusta-tambien\/\">Sigue leyendo<\/a><\/p>\n<p><!--more--><\/p>\n<p>M\u00e1s de a\u00f1o y medio despu\u00e9s de su positivo en el control del Tour se ha conocido la sanci\u00f3n de dos a\u00f1os a Alberto Contador. La pena tiene car\u00e1cter retroactivo, computa desde el mes de enero de 2011 y adem\u00e1s descuenta los seis meses de sanci\u00f3n preventiva que el ciclista ya cumpli\u00f3, con lo que a partir del 6 de agosto puede volver a competir.<\/p>\n<p>Creo que Alberto Contador s\u00ed deber\u00eda de ser sancionado, el positivo est\u00e1 demostrado, pero no es justo aplicar la sanci\u00f3n m\u00e1xima cuando la propia sentencia del juicio afirma que &#8220;la presencia del clembuterol en el organismo de Contador se deb\u00eda probablemente a la ingesta de un suplemento alimenticio contaminado&#8221;. Es decir, no se ha podido demostrar que el l\u00edder del Saxo Bank haya utilizado el clembuterol para mejorar su rendimiento y, de este modo, no es de recibo aplicarle la misma pena que a alguien que s\u00ed lo ha hecho, a sabiendas. Contador no utiliz\u00f3 el dopaje para hacer trampas y ganar la carrera gala.<\/p>\n<p>El ciclista de Pinto es v\u00edctima de un deporte muy golpeado en los \u00faltimos a\u00f1os por los casos de dopaje. Una situaci\u00f3n que ha llevado a las autoridades reguladoras a sancionar con extrema dureza las conductas tramposas y que se ha afanado en aplicar con rigidez sus normas aunque haya sido en detrimento del campeon\u00edsimo Contador en un caso m\u00e1s que dudoso.<\/p>\n","protected":false},"excerpt":{"rendered":"<p>Dif\u00edcil, sin duda, opinar sobre la resoluci\u00f3n del TAS en el Caso Contador. Y lo complicado no es dar una opini\u00f3n, sino hacerlo sin dejarse influenciar porque el ciclista sea espa\u00f1ol, porque nos parece una buena persona o porque el proceso ha sido una chapuza de principio a fin. Hay un dato innegable y cient\u00edficamente [&hellip;]<\/p>\n","protected":false},"author":17,"featured_media":0,"comment_status":"open","ping_status":"closed","sticky":false,"template":"","format":"standard","meta":[],"categories":[3],"tags":[8],"_links":{"self":[{"href":"https:\/\/blogs.elnortedecastilla.es\/quenosquitenlobailao\/wp-json\/wp\/v2\/posts\/16"}],"collection":[{"href":"https:\/\/blogs.elnortedecastilla.es\/quenosquitenlobailao\/wp-json\/wp\/v2\/posts"}],"about":[{"href":"https:\/\/blogs.elnortedecastilla.es\/quenosquitenlobailao\/wp-json\/wp\/v2\/types\/post"}],"author":[{"embeddable":true,"href":"https:\/\/blogs.elnortedecastilla.es\/quenosquitenlobailao\/wp-json\/wp\/v2\/users\/17"}],"replies":[{"embeddable":true,"href":"https:\/\/blogs.elnortedecastilla.es\/quenosquitenlobailao\/wp-json\/wp\/v2\/comments?post=16"}],"version-history":[{"count":0,"href":"https:\/\/blogs.elnortedecastilla.es\/quenosquitenlobailao\/wp-json\/wp\/v2\/posts\/16\/revisions"}],"wp:attachment":[{"href":"https:\/\/blogs.elnortedecastilla.es\/quenosquitenlobailao\/wp-json\/wp\/v2\/media?parent=16"}],"wp:term":[{"taxonomy":"category","embeddable":true,"href":"https:\/\/blogs.elnortedecastilla.es\/quenosquitenlobailao\/wp-json\/wp\/v2\/categories?post=16"},{"taxonomy":"post_tag","embeddable":true,"href":"https:\/\/blogs.elnortedecastilla.es\/quenosquitenlobailao\/wp-json\/wp\/v2\/tags?post=16"}],"curies":[{"name":"wp","href":"https:\/\/api.w.org\/{rel}","templated":true}]}}