{"id":26,"date":"2012-02-24T14:21:24","date_gmt":"2012-02-24T13:21:24","guid":{"rendered":"http:\/\/blogs.elnortedecastilla.es\/quenosquitenlobailao\/?p=26"},"modified":"2012-02-24T14:21:24","modified_gmt":"2012-02-24T13:21:24","slug":"tiempo-de-cuaresma-potaje-y-recuerdos","status":"publish","type":"post","link":"https:\/\/blogs.elnortedecastilla.es\/quenosquitenlobailao\/2012\/02\/24\/tiempo-de-cuaresma-potaje-y-recuerdos\/","title":{"rendered":"Tiempo de Cuaresma, potaje y recuerdos"},"content":{"rendered":"<p><a href=\"\/voc-migration\/endpointsite\/wp-content\/uploads\/sites\/134\/2012\/02\/potaje-cuaresma.jpg\"><br \/>\n<\/a>Vengo de una familia de tradiciones cat\u00f3licas. Puedo cerrar los ojos y recordar perfectamente a mi abuela Emilia sentada en el banco de la iglesia de Pereruela de Sayago, o arrodillada cuando deb\u00eda de hacerlo, escuchando atentamente las homil\u00edas de Don Juli\u00e1n.<\/p>\n<p><a href=\"\/voc-migration\/endpointsite\/wp-content\/uploads\/sites\/134\/2012\/02\/potaje-cuaresma.jpg\"><img loading=\"lazy\" class=\"size-full wp-image-28 alignleft\" style=\"border-style: initial; border-color: initial;\" title=\"Potaje de Cuaresma \/ Fuente: Absolutsevilla.com\" src=\"\/voc-migration\/endpointsite\/wp-content\/uploads\/sites\/134\/2012\/02\/potaje-cuaresma.jpg\" alt=\"Potaje de Cuaresma \/ Fuente: Absolutsevilla.com\" width=\"267\" height=\"200\" srcset=\"https:\/\/static-blogs.elnortedecastilla.es\/wp-content\/uploads\/sites\/134\/2012\/02\/potaje-cuaresma.jpg 500w, https:\/\/static-blogs.elnortedecastilla.es\/wp-content\/uploads\/sites\/134\/2012\/02\/potaje-cuaresma-300x225.jpg 300w\" sizes=\"(max-width: 267px) 100vw, 267px\" \/><\/a><\/p>\n<p>Mi abuela iba a misa todos los d\u00edas, de lunes a domingo durante todos sus a\u00f1os de vida, siempre desped\u00eda los d\u00edas con un \u2018buenas noches nos de Dios\u2019, siempre comulgaba la primera .<\/p>\n<p>Mi madre sigui\u00f3, y sigue, siendo la vanguardia cat\u00f3lica en mi casa. Los domingos va a misa, reza y, por supuesto, respeta la Cuaresma. Hoy es el primer viernes de este tiempo clave para los cristianos cat\u00f3licos. La Cuaresma representa los 40 d\u00edas que Jes\u00fas estuvo orando en el desierto antes de su entrada triunfal en Jerusal\u00e9n con la que comenz\u00f3 su periodo de vida p\u00fablica y que finaliz\u00f3 con su pasi\u00f3n y muerte. Este tiempo empieza el mi\u00e9rcoles de ceniza y termina el Jueves Santo.<\/p>\n<p style=\"text-align: right;\"><a href=\"https:\/\/blogs.elnortedecastilla.es\/quenosquitenlobailao\/2012\/02\/24\/tiempo-de-cuaresma-potaje-y-recuerdos\/\">Seguir leyendo<\/a><\/p>\n<div><!--more--><\/div>\n<p>En estas cinco semanas que dura el tiempo cuaresmal los viernes no est\u00e1 permitido comer carne, o al menos en mi casa no se permit\u00eda. Pero circunscribo muy conscientemente el veto a mi casa, porque siempre hab\u00eda alguna triqui\u00f1uela de la que sacar tajada, y nunca mejor dicho. Los viernes era el d\u00eda perfecto para ir a casa de mi otra abuela, Lola. No era algo que hiciera con malicia, pero \u00bfqu\u00e9 mejor d\u00eda para degustar \u00a0sus espectaculares macarrones?. Mi otra abuela, la zamorana, la madre de mi padre, no ten\u00eda en cuenta la prohibici\u00f3n c\u00e1rnica y entrar por aquella puerta significaba un jugoso break en esos viernes en que las legumbres y el pescado eran lo habitual.<\/p>\n<p>Luego, claro, ven\u00eda la pregunta inquisidora de mi madre \u00bfNo habr\u00e9is comido carne no?. Y uno, que era muy peque\u00f1o, y adem\u00e1s se le daba muy mal mentir, reconoc\u00eda la \u2018pecata minuta\u2019.<\/p>\n<p>As\u00ed que hoy en mi casa no se come carne pero\u2026 Les tengo que dejar, que voy a llamar a mi madre a ver si ha hecho su potaje de garbanzos y verduras y me deja un poquito para traerme a Valladolid en un tupper, si al final esto de la Cuaresma no va a estar tan mal.<\/p>\n","protected":false},"excerpt":{"rendered":"<p>Vengo de una familia de tradiciones cat\u00f3licas. Puedo cerrar los ojos y recordar perfectamente a mi abuela Emilia sentada en el banco de la iglesia de Pereruela de Sayago, o arrodillada cuando deb\u00eda de hacerlo, escuchando atentamente las homil\u00edas de Don Juli\u00e1n. Mi abuela iba a misa todos los d\u00edas, de lunes a domingo durante [&hellip;]<\/p>\n","protected":false},"author":17,"featured_media":0,"comment_status":"open","ping_status":"closed","sticky":false,"template":"","format":"standard","meta":[],"categories":[1],"tags":[],"_links":{"self":[{"href":"https:\/\/blogs.elnortedecastilla.es\/quenosquitenlobailao\/wp-json\/wp\/v2\/posts\/26"}],"collection":[{"href":"https:\/\/blogs.elnortedecastilla.es\/quenosquitenlobailao\/wp-json\/wp\/v2\/posts"}],"about":[{"href":"https:\/\/blogs.elnortedecastilla.es\/quenosquitenlobailao\/wp-json\/wp\/v2\/types\/post"}],"author":[{"embeddable":true,"href":"https:\/\/blogs.elnortedecastilla.es\/quenosquitenlobailao\/wp-json\/wp\/v2\/users\/17"}],"replies":[{"embeddable":true,"href":"https:\/\/blogs.elnortedecastilla.es\/quenosquitenlobailao\/wp-json\/wp\/v2\/comments?post=26"}],"version-history":[{"count":0,"href":"https:\/\/blogs.elnortedecastilla.es\/quenosquitenlobailao\/wp-json\/wp\/v2\/posts\/26\/revisions"}],"wp:attachment":[{"href":"https:\/\/blogs.elnortedecastilla.es\/quenosquitenlobailao\/wp-json\/wp\/v2\/media?parent=26"}],"wp:term":[{"taxonomy":"category","embeddable":true,"href":"https:\/\/blogs.elnortedecastilla.es\/quenosquitenlobailao\/wp-json\/wp\/v2\/categories?post=26"},{"taxonomy":"post_tag","embeddable":true,"href":"https:\/\/blogs.elnortedecastilla.es\/quenosquitenlobailao\/wp-json\/wp\/v2\/tags?post=26"}],"curies":[{"name":"wp","href":"https:\/\/api.w.org\/{rel}","templated":true}]}}