{"id":35,"date":"2012-07-13T13:21:19","date_gmt":"2012-07-13T11:21:19","guid":{"rendered":"http:\/\/blogs.elnortedecastilla.es\/quenosquitenlobailao\/?p=35"},"modified":"2012-07-13T13:21:19","modified_gmt":"2012-07-13T11:21:19","slug":"cuando-la-camara-baja-se-confunde-con-baja-clase","status":"publish","type":"post","link":"https:\/\/blogs.elnortedecastilla.es\/quenosquitenlobailao\/2012\/07\/13\/cuando-la-camara-baja-se-confunde-con-baja-clase\/","title":{"rendered":"Cuando la C\u00e1mara Baja se convierte en lugar de baja clase"},"content":{"rendered":"<img loading=\"lazy\" title=\"Andrea Fabra dice \"que se jodan\" durante el anuncio de recortes a los parados\" src=\"\/\/www.elnortedecastilla.es\/RC\/201207\/13\/Media\/fabra1--647x280.jpg\" alt=\"\" width=\"647\" height=\"280\" \/>\n<p>Desconozco, y me da absolutamente igual, a quien iba dirigido el &#8220;<a href=\"http:\/\/www.elnortedecastilla.es\/rc\/20120713\/mas-actualidad\/espana\/diputada-grita-jodan-cuando-201207122246.html\" target=\"_blank\" rel=\"external nofollow\">que se jodan<\/a>&#8221; que Andrea Fabra regal\u00f3 en el Congreso de los Diputados tras anunciar Rajoy el recorte de la prestaci\u00f3n por desempleo para parados de larga duraci\u00f3n.<\/p>\n<p>La calle est\u00e1 cada vez m\u00e1s caliente, en una situaci\u00f3n que yo jam\u00e1s hab\u00eda conocido y en la que me sorprende lo pac\u00edficos que est\u00e1n siendo los sectores a los que m\u00e1s duro se les ha golpeado. Mientras que un d\u00eda tras otro no dejamos de escuchar d\u00f3nde hay que pagar m\u00e1s, d\u00f3nde se recorta, qu\u00e9 impuestos aumentan y otras medidas que nos afectan directamente, por otro lado, nos dicen lo mismo pero con otras palabras, con terminolog\u00eda econ\u00f3mica. De esta manera, t\u00e9rminos como &#8216;mercados&#8217;, &#8216;prima de riesgo&#8217; o &#8216;venta de deuda&#8217; se convierten en eufemismos que de nuevo nos pintan el panorama negro de siempre.<\/p>\n<p style=\"text-align: right;\"><a href=\"https:\/\/blogs.elnortedecastilla.es\/quenosquitenlobailao\/2012\/07\/13\/cuando-la-camara-baja-se-confunde-con-baja-clase\/\">Sigue leyendo<\/a><!--more--><\/p>\n<p>Y no digo que no debamos de hacer un esfuerzo todos para sacar esto adelante. Ya saben, aquello de apretarse el cintur\u00f3n. Pero no puedo entender que el presidente del Gobierno diga que, y cito textualmente, &#8220;para fomentar la b\u00fasqueda de empleo, reduciremos a partir del sexto mes la prestaci\u00f3n por desempleo del 60 al 50%&#8221;. Quiero hacerle notar, se\u00f1or Rajoy, un sentimiento que usted no conocer\u00e1 porque seguramente no ha estado jam\u00e1s en paro: la inmensa mayor\u00eda de los que no encuentran trabajo est\u00e1n desesperados por encontrarlo, no se aprovechan de su situaci\u00f3n, como parece dar a entender usted, sino que la sufren. Y, a\u00fan le digo m\u00e1s, el pago del paro no lo regala nadie, es imprescindible trabajar para conseguirlo, parece que se le olvida que ese colch\u00f3n es un logro de los trabajadores, uno m\u00e1s de los que poco a poco se van perdiendo y nos retrotraen a una situaci\u00f3n en materia de legislaci\u00f3n laboral mucho anterior.<\/p>\n<p>Una vez visto el <a href=\"http:\/\/www.youtube.com\/watch?v=ZRlGTVfWHko\" target=\"_blank\" rel=\"external nofollow\">v\u00eddeo completo<\/a> de la comparecencia del presidente del Gobierno en el Congreso de los Diputados me quema la sangre . Los aplausos a cada una de las medidas de Rajoy me parecen indignantes. \u00a1Que est\u00e1 tomando medidas dur\u00edsimas porque sino nos vamos a la quiebra!, no entiendo lo de aplaudir eso. Por supuesto, lo comprendo debido a la clase pol\u00edtica que tenemos. A muchos de ellos les da absolutamente igual una paga menos de la administraci\u00f3n, cuando tienen grandes negocios y unas posibilidades econ\u00f3micas fuera de toda duda. Pobres los pol\u00edticos con buena fe, que s\u00e9 que los hay, que ven su profesi\u00f3n manchada por esta cala\u00f1a de personajes.<\/p>\n<p>Mi casa es un peque\u00f1o muestrario de la situaci\u00f3n actual. Mi padre lleva en paro m\u00e1s de dos a\u00f1os y les aseguro que su situaci\u00f3n no se la desea a nadie. Mi hermana es auxiliar de enfermer\u00eda de una residencia p\u00fablica de ancianos y que, de repente, le quiten una parte de su sueldo si le importa, es m\u00e1s le indigna profundamente y hace temblar su econom\u00eda.<\/p>\n<p>As\u00ed que, se\u00f1ores pol\u00edticos. Aplaudan recortes, discutan a voces en el Congreso, demuestren sus m\u00e1s bajas pasiones, me da igual. Pero, por favor, no nos hagan pasar por tontos. La crisis la vamos a pagar los ciudadanos, eso est\u00e1 claro desde hace mucho, pero espero ver a un pol\u00edtico preocupado por sus conciudadanos y no por su poltrona. Seamos solidarios y ustedes intenten ser personas dignas de representar a sus votantes y a los que no les votaron tambi\u00e9n. La calle tiene una fuerza que cada d\u00eda est\u00e1 m\u00e1s cerca de demostrar y, lo puede hacer contra la fuerza oscura, que han decidido denominar &#8216;los mercados&#8217;, o directamente contra ustedes. Elijan.<\/p>\n","protected":false},"excerpt":{"rendered":"<p>Desconozco, y me da absolutamente igual, a quien iba dirigido el &#8220;que se jodan&#8221; que Andrea Fabra regal\u00f3 en el Congreso de los Diputados tras anunciar Rajoy el recorte de la prestaci\u00f3n por desempleo para parados de larga duraci\u00f3n. La calle est\u00e1 cada vez m\u00e1s caliente, en una situaci\u00f3n que yo jam\u00e1s hab\u00eda conocido y [&hellip;]<\/p>\n","protected":false},"author":17,"featured_media":0,"comment_status":"open","ping_status":"closed","sticky":false,"template":"","format":"standard","meta":[],"categories":[3],"tags":[4,5,6,9,19,20,21],"_links":{"self":[{"href":"https:\/\/blogs.elnortedecastilla.es\/quenosquitenlobailao\/wp-json\/wp\/v2\/posts\/35"}],"collection":[{"href":"https:\/\/blogs.elnortedecastilla.es\/quenosquitenlobailao\/wp-json\/wp\/v2\/posts"}],"about":[{"href":"https:\/\/blogs.elnortedecastilla.es\/quenosquitenlobailao\/wp-json\/wp\/v2\/types\/post"}],"author":[{"embeddable":true,"href":"https:\/\/blogs.elnortedecastilla.es\/quenosquitenlobailao\/wp-json\/wp\/v2\/users\/17"}],"replies":[{"embeddable":true,"href":"https:\/\/blogs.elnortedecastilla.es\/quenosquitenlobailao\/wp-json\/wp\/v2\/comments?post=35"}],"version-history":[{"count":0,"href":"https:\/\/blogs.elnortedecastilla.es\/quenosquitenlobailao\/wp-json\/wp\/v2\/posts\/35\/revisions"}],"wp:attachment":[{"href":"https:\/\/blogs.elnortedecastilla.es\/quenosquitenlobailao\/wp-json\/wp\/v2\/media?parent=35"}],"wp:term":[{"taxonomy":"category","embeddable":true,"href":"https:\/\/blogs.elnortedecastilla.es\/quenosquitenlobailao\/wp-json\/wp\/v2\/categories?post=35"},{"taxonomy":"post_tag","embeddable":true,"href":"https:\/\/blogs.elnortedecastilla.es\/quenosquitenlobailao\/wp-json\/wp\/v2\/tags?post=35"}],"curies":[{"name":"wp","href":"https:\/\/api.w.org\/{rel}","templated":true}]}}