{"id":39,"date":"2013-01-19T01:45:46","date_gmt":"2013-01-19T00:45:46","guid":{"rendered":"http:\/\/blogs.elnortedecastilla.es\/quenosquitenlobailao\/?p=39"},"modified":"2013-01-19T01:45:46","modified_gmt":"2013-01-19T00:45:46","slug":"lance-armstrong-el-psicopata","status":"publish","type":"post","link":"https:\/\/blogs.elnortedecastilla.es\/quenosquitenlobailao\/2013\/01\/19\/lance-armstrong-el-psicopata\/","title":{"rendered":"Lance Armstrong el psic\u00f3pata"},"content":{"rendered":"<div class=\"mceTemp mceIEcenter\"><\/div>\n<div id=\"attachment_40\" style=\"width: 657px\" class=\"wp-caption aligncenter\"><a href=\"\/voc-migration\/endpointsite\/wp-content\/uploads\/sites\/134\/2013\/01\/lance-647x231.jpg\"><img aria-describedby=\"caption-attachment-40\" loading=\"lazy\" class=\"size-full wp-image-40\" title=\"Armstrong-winfrey\" src=\"\/voc-migration\/endpointsite\/wp-content\/uploads\/sites\/134\/2013\/01\/lance-647x231.jpg\" alt=\"Lance Armstrong y Oprah Winfrey\" width=\"647\" height=\"231\" srcset=\"https:\/\/static-blogs.elnortedecastilla.es\/wp-content\/uploads\/sites\/134\/2013\/01\/lance-647x231.jpg 647w, https:\/\/static-blogs.elnortedecastilla.es\/wp-content\/uploads\/sites\/134\/2013\/01\/lance-647x231-300x107.jpg 300w\" sizes=\"(max-width: 647px) 100vw, 647px\" \/><\/a><p id=\"caption-attachment-40\" class=\"wp-caption-text\">Lance Armstrong y Oprah Winfrey<\/p><\/div>\n<p>Desconozco cu\u00e1ndo fue la primera vez que me maravill\u00f3 <strong>Lance Armstrong<\/strong>. Seguramente me ocurri\u00f3 como muchas otras veces en las que un deportista extranjero comienza a destacar en lo suyo, no lo vi venir. Lleg\u00f3, en mi inconsciente deportivo, al mundo del ciclismo no mucho despu\u00e9s de aquellos<strong> cinco tours<\/strong> gloriosos de <strong>Miguel Indur\u00e1in<\/strong>, de la p\u00e1jara monumental del navarro en la <strong>ronda gala de 1996<\/strong> que le rend\u00eda homenaje pasando por su localidad natal, <strong>Villava<\/strong>. Poquito despu\u00e9s de todo aquello comenz\u00f3 la que el propio corredor tejano no ha dudado en denominar <strong>\u201cgran mentira\u201d<\/strong>.<\/p>\n<p>&nbsp;<\/p>\n<p style=\"text-align: right;\"><a style=\"text-align: right;\" title=\"Armstrong el psic\u00f3pata\" href=\"https:\/\/blogs.elnortedecastilla.es\/quenosquitenlobailao\/2013\/01\/19\/lance-armstrong-el-psicopata\/\">Sigue leyendo<\/a><\/p>\n<p>&nbsp;<\/p>\n<p><!--more--><\/p>\n<p>&nbsp;<\/p>\n<p>Seg\u00fan el relato del exl\u00edder del <strong>US Postal<\/strong>, se dop\u00f3 durante m\u00e1s de diez a\u00f1os, en una actitud que no ha dudado en poner al mismo nivel que \u201chinchar las ruedas de la bicicleta o llevar agua en los bidones\u201d, doparse era para \u00e9l tan solo \u201cparte del trabajo\u201d. Incluso llega a afirmar, durante la primera parte de la <a href=\"http:\/\/www.elnortedecastilla.es\/rc\/20130118\/deportes\/otros\/entrevista-armstrong-ciclismo-dopaje-201301180316.html\" target=\"_blank\" rel=\"external nofollow\">entrevista con <strong>Oprah Winfrey<\/strong><\/a> en la que confes\u00f3 sus pr\u00e1cticas ilegales, que <strong>\u201csab\u00eda que iba a ganar los Tours\u201d<\/strong> porque gracias a esas <a href=\"http:\/\/www.elnortedecastilla.es\/rc\/20121022\/deportes\/otros\/uci-retira-armstrong-siete-tours-201210211902.html\" target=\"_blank\" rel=\"external nofollow\">pr\u00e1cticas dopantes<\/a> no ten\u00eda rival.<\/p>\n<p>Cuando le veo, vestido de forma impecable ante la periodista norteamericana, relatando paso a paso todas las mentiras que ha ido construyendo durante todos estos a\u00f1os observo a un hombre inexpresivo, que parece incapaz de empatizar con todo lo que le rodea en ese momento, que ni siquiera es capaz de enfadarse con los que le criticaron o acusaron, porque ten\u00edan raz\u00f3n.<\/p>\n<p>Sus ansias de ganar, de esconder sus pr\u00e1cticas ante los ojos de todos, le hicieron capaz de mentir al mundo entero y de intentar hundir a aquellos que le atacaron durante los a\u00f1os de sospechas que siempre le han perseguido. La esposa del ciclista<strong> Frankie Andreu<\/strong>, <strong>Betsy<\/strong>, fue una de las m\u00e1s damnificadas cuando afirm\u00f3 que Lance, ya en el a\u00f1o 1996, dijo consumir varios tipos de potenciadores de rendimiento. El ciclista no dud\u00f3 en tacharla de \u201czorra\u201d e incluso durante la entrevista se puede ver como en una<strong> declaraci\u00f3n jurada en el a\u00f1o 2005<\/strong> Armstrong niega rotundamente los hechos afirmados por <strong>Betsy Andreu<\/strong>.<\/p>\n<p>Pero si todo esto no es suficiente, el ya exmito del ciclismo es capaz de reconocer que intimid\u00f3 a los corredores que formaban parte de su equipo o, por citar otro ejemplo, recuerda que realiz\u00f3 una importante donaci\u00f3n econ\u00f3mica a la <strong>UCI<\/strong> \u201cpara<strong> luchar contra el dopaje<\/strong>\u201d, en un acto de cinismo que habla de su forma de ver las cosas durante sus a\u00f1os de ciclista de \u00e9lite. Todo serv\u00eda con tal de ganar (afirma \u00e9l durante varias ocasiones de la entrevista) y (a\u00f1ado yo) todo era l\u00edcito con tal de tapar la enorme carcajada que el deportista estaba soltando ante las caras de todos aquellos que cada d\u00eda de verano ve\u00edamos sus proezas sobre una bicicleta, delante del televisor, a\u00f1o tras a\u00f1o.<\/p>\n<p>Y es que, siempre me admir\u00f3 la pelea encomiable y continua de Lance Armstrong. Tras superar un c\u00e1ncer rehacerse y ganar siete tours de Francia, retirarse, volver a correr otras dos veces la ronda gala y despu\u00e9s convertirse en triatleta, en <strong>\u2018iron man\u2019<\/strong>, y, ahora\u2026 ahora nada de eso sirve, nada de lo que hizo tiene ning\u00fan m\u00e9rito, solo le admirar\u00e9 por superar un c\u00e1ncer, y eso le pone al nivel de otras muchas personas. Hay cientos de casos de gente que pelea contra este mal y, a d\u00eda de hoy, cualquiera de todos ellos vale m\u00e1s que \u00e9l. En esta vida casi nunca el fin justifica los medios y hoy, se\u00f1or Armstrong, usted ha tirado por tierra todo en lo que muchos cre\u00edmos durante mucho tiempo.<\/p>\n<p>V\u00e1yase tranquilo con sus <strong>millones<\/strong>, con su enorme sal\u00f3n adornado con sus <strong>siete maillots amarillos<\/strong> colgados en la pared o insulte y desprecie a cualquiera que vaya contra usted, como ya ha hecho tantas otras veces. Hoy en d\u00eda usted ya no es la v\u00edctima sino el maltratador. Nos hizo creer su <strong>gran mentira<\/strong> y hoy ya solo tiene eso, se ha convertido, por derecho propio, en <strong>uno de los mayores mentirosos de la historia del deporte<\/strong> y eso, quiera o no, tambi\u00e9n tiene su m\u00e9rito. Si le sirve como consuelo en esto s\u00ed que ha ganado a muchos.<\/p>\n<p>&nbsp;<\/p>\n<p>Os dejo las dos partes de la <strong>entrevista\u00a0completa, con subt\u00edtulos<\/strong>.<\/p>\n<p>&nbsp;<\/p>\n<p><strong>Primera parte, emitida el jueves, 17 de enero de 2013.<\/strong><\/p>\n<p>http:\/\/www.youtube.com\/watch?feature=player_embedded&#038;v=OoRcCvWy7b4<\/p>\n<p>&nbsp;<\/p>\n<p><strong>Segunda parte, emitida el viernes, 18 de enero de 2013.<\/strong><\/p>\n<p>&nbsp;<\/p>\n<p>http:\/\/www.youtube.com\/watch?v=qmfPpsYuJkE<\/p>\n<p>&nbsp;<\/p>\n<p>&nbsp;<\/p>\n<p>Y, por si a\u00fan os quedan ganas, he recopilado informaci\u00f3n sobre los inquilinos del podio del Tour de Francia desde el a\u00f1o 1995 hasta hoy en d\u00eda. Tomando como referencia la frase de Lance Armstrong durante la entrevista en la que afirma que se dopaba &#8220;desde mediados de los a\u00f1os 90&#8221;.<\/p>\n<p>Un total de 27 ciclistas han pasado durante estos 18 a\u00f1os por alguno de los tres escalones de los Campos El\u00edseos. Once de entre todos ellos: Miguel Indur\u00e1in, Bobby Julich, Pedro Escart\u00edn, \u00d3scar Pereiro, Cadel Evans, Carlos Sastre, Denis Menchov, Andy Schleck, Bradley Wiggings, Chris Froome y Vicenzo Nibali est\u00e1n limpios en asuntos de dopaje.<\/p>\n<p><strong>Palmar\u00e9s del Tour de Francia entre los a\u00f1os 1995 y 2012:<\/strong><\/p>\n<p>&nbsp;<\/p>\n<table border=\"1\" cellspacing=\"0\" cellpadding=\"0\">\n<tbody>\n<tr>\n<td valign=\"top\" width=\"144\"><strong>A\u00f1o<\/strong><\/td>\n<td valign=\"top\" width=\"144\"><strong>Ganador<\/strong><\/td>\n<td valign=\"top\" width=\"144\"><strong>Segundo<\/strong><\/td>\n<td valign=\"top\" width=\"144\"><strong>Tercero<\/strong><\/td>\n<\/tr>\n<tr>\n<td valign=\"top\" width=\"144\"><strong>1995<\/strong><\/td>\n<td valign=\"top\" width=\"144\">Miguel Indur\u00e1in<\/td>\n<td valign=\"top\" width=\"144\">\u00c1lex Zulle<\/td>\n<td valign=\"top\" width=\"144\">Bjarne Riis<\/td>\n<\/tr>\n<tr>\n<td valign=\"top\" width=\"144\"><strong>1996<\/strong><\/td>\n<td valign=\"top\" width=\"144\">Bjarne Riis<\/td>\n<td valign=\"top\" width=\"144\">Jan Ullrich<\/td>\n<td valign=\"top\" width=\"144\">Richard Virenque<\/td>\n<\/tr>\n<tr>\n<td valign=\"top\" width=\"144\"><strong>1997<\/strong><\/td>\n<td valign=\"top\" width=\"144\">Jan Ullrich<\/td>\n<td valign=\"top\" width=\"144\">Richar Virenque<\/td>\n<td valign=\"top\" width=\"144\">Marco Pantani<\/td>\n<\/tr>\n<tr>\n<td valign=\"top\" width=\"144\"><strong>1998<\/strong><\/td>\n<td valign=\"top\" width=\"144\">Marco Pantani<\/td>\n<td valign=\"top\" width=\"144\">Jan Ullrich<\/td>\n<td valign=\"top\" width=\"144\">Bobby Julich<\/td>\n<\/tr>\n<tr>\n<td valign=\"top\" width=\"144\"><strong>1999<\/strong><\/td>\n<td valign=\"top\" width=\"144\">Lance Armstrong<\/td>\n<td valign=\"top\" width=\"144\">\u00c1lex Zulle<\/td>\n<td valign=\"top\" width=\"144\">Fernando Escart\u00edn<\/td>\n<\/tr>\n<tr>\n<td valign=\"top\" width=\"144\"><strong>2000<\/strong><\/td>\n<td valign=\"top\" width=\"144\">Lance Armostrong<\/td>\n<td valign=\"top\" width=\"144\">Jan Ullrich<\/td>\n<td valign=\"top\" width=\"144\">Joseba Beloki<\/td>\n<\/tr>\n<tr>\n<td valign=\"top\" width=\"144\"><strong>2001<\/strong><\/td>\n<td valign=\"top\" width=\"144\">Lance Armstrong<\/td>\n<td valign=\"top\" width=\"144\">Jan Ullrich<\/td>\n<td valign=\"top\" width=\"144\">Joseba Beloki<\/td>\n<\/tr>\n<tr>\n<td valign=\"top\" width=\"144\"><strong>2002<\/strong><\/td>\n<td valign=\"top\" width=\"144\">Lance Armstrong<\/td>\n<td valign=\"top\" width=\"144\">Joseba Beloki<\/td>\n<td valign=\"top\" width=\"144\">Raimondas Rumsas<\/td>\n<\/tr>\n<tr>\n<td valign=\"top\" width=\"144\"><strong>2003<\/strong><\/td>\n<td valign=\"top\" width=\"144\">Lance Armstrong<\/td>\n<td valign=\"top\" width=\"144\">Jan Ullrich<\/td>\n<td valign=\"top\" width=\"144\">Alexandre Vinokourov<\/td>\n<\/tr>\n<tr>\n<td valign=\"top\" width=\"144\"><strong>2004<\/strong><\/td>\n<td valign=\"top\" width=\"144\">Lance Armstrong<\/td>\n<td valign=\"top\" width=\"144\">Andreas Kl\u00f6den<\/td>\n<td valign=\"top\" width=\"144\">Iv\u00e1n Basso<\/td>\n<\/tr>\n<tr>\n<td valign=\"top\" width=\"144\"><strong>2005<\/strong><\/td>\n<td valign=\"top\" width=\"144\">Lance Armstrong<\/td>\n<td valign=\"top\" width=\"144\">Iv\u00e1n Basso<\/td>\n<td valign=\"top\" width=\"144\">Francisco Mancebo<\/td>\n<\/tr>\n<tr>\n<td valign=\"top\" width=\"144\"><strong>2006<\/strong><\/td>\n<td valign=\"top\" width=\"144\">Floyd Landis<\/td>\n<td valign=\"top\" width=\"144\">\u00d3scar Pereiro<\/td>\n<td valign=\"top\" width=\"144\">Andreas Kl\u00f6den<\/td>\n<\/tr>\n<tr>\n<td valign=\"top\" width=\"144\"><strong>2007<\/strong><\/td>\n<td valign=\"top\" width=\"144\">Alberto Contador<\/td>\n<td valign=\"top\" width=\"144\">Cadel Evans<\/td>\n<td valign=\"top\" width=\"144\">Levi Lepheimer<\/td>\n<\/tr>\n<tr>\n<td valign=\"top\" width=\"144\"><strong>2008<\/strong><\/td>\n<td valign=\"top\" width=\"144\">Carlos Sastre<\/td>\n<td valign=\"top\" width=\"144\">Cadel Evans<\/td>\n<td valign=\"top\" width=\"144\">Denis Menchov<\/td>\n<\/tr>\n<tr>\n<td valign=\"top\" width=\"144\"><strong>2009<\/strong><\/td>\n<td valign=\"top\" width=\"144\">Alberto Contador<\/td>\n<td valign=\"top\" width=\"144\">Andy Schleck<\/td>\n<td valign=\"top\" width=\"144\">Lance Armstrong<\/td>\n<\/tr>\n<tr>\n<td valign=\"top\" width=\"144\"><strong>2010<\/strong><\/td>\n<td valign=\"top\" width=\"144\">Alberto Contador<\/td>\n<td valign=\"top\" width=\"144\">Andy Schleck<\/td>\n<td valign=\"top\" width=\"144\">Denis Menchov<\/td>\n<\/tr>\n<tr>\n<td valign=\"top\" width=\"144\"><strong>2011<\/strong><\/td>\n<td valign=\"top\" width=\"144\">Cadel Evans<\/td>\n<td valign=\"top\" width=\"144\">Andy Schleck<\/td>\n<td valign=\"top\" width=\"144\">Frank Schleck<\/td>\n<\/tr>\n<tr>\n<td valign=\"top\" width=\"144\"><strong>2012<\/strong><\/td>\n<td valign=\"top\" width=\"144\">Bradley Wiggins<\/td>\n<td valign=\"top\" width=\"144\">Chris Froome<\/td>\n<td valign=\"top\" width=\"144\">Vicenzo Nibali<\/td>\n<\/tr>\n<\/tbody>\n<\/table>\n<p>&nbsp;<\/p>\n<p><strong>Relaci\u00f3n de corredores que han estado en el podio del Tour de Francia en Par\u00eds entre los a\u00f1os 1995 y 2012 y sus asuntos de dopaje:<\/strong><\/p>\n<p>&#8211;\u00a0\u00a0\u00a0\u00a0\u00a0\u00a0\u00a0\u00a0\u00a0 <strong>Miguel Indur\u00e1in<\/strong>: Gan\u00f3 cinco tours de Francia, dos giros de Italia, un Campeonato del Mundo contrarreloj y una medalla de oro ol\u00edmpica tambi\u00e9n contrarreloj. Nunca se ha demostrado su relaci\u00f3n con asuntos de dopaje.<\/p>\n<p>&#8211;\u00a0\u00a0\u00a0\u00a0\u00a0\u00a0\u00a0\u00a0\u00a0<strong> \u00c1lex Zulle<\/strong>: Gan\u00f3 dos vueltas a Espa\u00f1a e hizo dos veces segundo en el Tour de Francia. Adem\u00e1s fue campe\u00f3n del mundo contrarreloj en el a\u00f1o 1996. Se vio implicado en el caso Festina en el a\u00f1o 1998 al formar parte de la estructura del equipo franc\u00e9s. En esta primera gran operaci\u00f3n contra el dopaje en el ciclismo Zulle, entre otros, tuvo que cumplir una sanci\u00f3n de 6 meses por el uso de sustancias como el EPO, aunque nunca se demostr\u00f3 que \u00e9l lo hubiera tomado puesto que en aquel entonces era indetectable.<\/p>\n<p>&#8211;\u00a0\u00a0\u00a0\u00a0\u00a0\u00a0\u00a0\u00a0\u00a0 <strong>Bjarne Riis<\/strong>: Se trata del primer gran implicado durante estos a\u00f1os en casos de dopaje. Hizo tercero en el Tour de 1995 y gan\u00f3 el de 1996, en la \u00faltima participaci\u00f3n de Miguel Indur\u00e1in en la ronda gala. El ciclista dan\u00e9s admiti\u00f3 diez a\u00f1os despu\u00e9s que se hab\u00eda dopado entre los a\u00f1os 1993 y 1998, coincidiendo con sus mejores actuaciones en la carrera. \u00a0La direcci\u00f3n del Tour de Francia le desposey\u00f3 de su t\u00edtulo, que recay\u00f3 en Jan Ullrich.<\/p>\n<p>&#8211;\u00a0\u00a0\u00a0\u00a0\u00a0\u00a0\u00a0\u00a0\u00a0 <strong>Jan Ullrich<\/strong>: Segundo en el Tour de 1996, 1998, 2000, 2001 y 2003 logr\u00f3 hacerse con el preciado jersey amarillo tan solo en la carrera de 1997. Adem\u00e1s logr\u00f3 dos vueltas a Espa\u00f1a y fue campe\u00f3n del mundo contrarreloj en los a\u00f1os 1999 y 2001. Su\u00a0 nombre se asoci\u00f3 con la Operaci\u00f3n Puerto durante los \u00faltimos a\u00f1os de su carrera ciclista puesto que se encontr\u00f3 su ADN en bolsas incautadas al doctor Eufemiano Fuentes con el\u00a0seud\u00f3nimo\u00a0de \u2018n\u00famero 1\u2019, \u2018Jan\u2019 e \u2018hijo de Rudicio\u2019 (este \u00faltimo nombre se debe, seg\u00fan una informaci\u00f3n recogida por El Pa\u00eds, a que el padre deportivo del ciclista alem\u00e1n era Rudy Pevenage). Ya en el a\u00f1o 2006 se le impidi\u00f3 correr el Tour por estas sospechas y, adem\u00e1s, su equipo, el T-Mobile, le expuls\u00f3.<\/p>\n<p>Por todo ello se le retiraron sus logros de los a\u00f1os 2005 y 2006 y termin\u00f3 retir\u00e1ndose en 2007 tras prohib\u00edrsele participar en el Tour de 2006, su expulsi\u00f3n del T-Mobile y la ruptura de relaciones con su fisioterapeuta.<\/p>\n<p>Adem\u00e1s, se prob\u00f3 que en el a\u00f1o 2002 tom\u00f3 anfetaminas, arrojando igualmente un resultado positivo en test antidopaje, aunque la UCI no consider\u00f3 este consumo como algo de lo que pudiera sacar r\u00e9dito en las carreras y dej\u00f3 sin sanci\u00f3n este hecho.<\/p>\n<p>&#8211;\u00a0\u00a0\u00a0\u00a0\u00a0\u00a0\u00a0\u00a0\u00a0 <strong>Richard Virenque<\/strong>: Logr\u00f3 subir al podio en el Tour de Francia en dos ocasiones: como tercero en 1996 y segundo en 1997. Al igual que Alex Z\u00fclle, fue sancionado en el a\u00f1o 2000 por el Caso Festina.<\/p>\n<p>&#8211;\u00a0\u00a0\u00a0\u00a0\u00a0\u00a0\u00a0\u00a0\u00a0 <strong>Marco Pantani<\/strong>: Ganador de Giro y Tour en 1998, en 1994 hizo segundo en Italia y tercero en Francia, un puesto este \u00faltimo que repiti\u00f3 en 1997 tambi\u00e9n en Francia. En 1999 fue expulsado del Tour de Francia por los altos niveles de hematocrito en su organismo, un resultado que podr\u00eda demostrar el uso de EPO. En 2004 fue hallado muerto por una sobredosis de coca\u00edna.<\/p>\n<p>&#8211;\u00a0\u00a0\u00a0\u00a0\u00a0\u00a0\u00a0\u00a0\u00a0 <strong>Bobby Julich<\/strong>: El ciclista estadounidense logr\u00f3 un tercer puesto en el Tour de Francia de 1998, el a\u00f1o que estall\u00f3 el caso Festina. Nunca se ha demostrado su relaci\u00f3n con asuntos de dopaje.<\/p>\n<p>&#8211;\u00a0\u00a0\u00a0\u00a0\u00a0\u00a0\u00a0\u00a0\u00a0 <strong>Lance Armstrong<\/strong>: Despose\u00eddo de sus victorias finales en los tours de los a\u00f1os 1999, 2000, 2001, 2002, 2003, 2004 y 2005 por la UCI tras demostrarse que formaba parte de una sofisticada red de dopaje. El mismo Armstrong confes\u00f3 en una entrevista con Oprah Winfrey que su carrera hab\u00eda sido una \u201cgran mentira\u201d y que se dopaba desde \u201cmediados de los a\u00f1os 90\u201d. Adem\u00e1s, fue medalla de bronce en la prueba contrarreloj de los Juegos Ol\u00edmpicos de Sidney 2000 (un t\u00edtulo que se le ha retirado tambi\u00e9n) y campe\u00f3n del mundo en ruta en el a\u00f1o 1997 y tercero en el Tour de Francia del a\u00f1o 2009.<\/p>\n<p>&#8211;\u00a0\u00a0\u00a0\u00a0\u00a0\u00a0\u00a0\u00a0\u00a0 <strong>Fernando Escart\u00edn<\/strong>: Segundo en el Tour de Francia de 1999 y segundo en la Vuelta a Espa\u00f1a tanto del a\u00f1o 1997 como de 1998. Nunca se ha demostrado su relaci\u00f3n con asuntos de dopaje.<\/p>\n<p>&#8211;\u00a0\u00a0\u00a0\u00a0\u00a0\u00a0\u00a0\u00a0\u00a0 <strong>Joseba Beloki<\/strong>: Tercero en el Tour en 2000 y 2001 y segundo en el a\u00f1o 2002, adem\u00e1s fue tambi\u00e9n tercero en la Vuelta a Espa\u00f1a de ese mismo a\u00f1o. Beloki se vio implicado en la Operaci\u00f3n Puerto al aparecer entre las bolsas de sangre incautadas a Eufemiano Fuentes varios registros a nombre de JB o BLK asociadas al tratamiento con parches de testosterona, hormona de crecimiento, EPO y anabolizantes. Por todo esto se le prohibi\u00f3 correr en la vuelta a Francia del a\u00f1o 2006.<\/p>\n<p>&#8211;\u00a0\u00a0\u00a0\u00a0\u00a0\u00a0\u00a0\u00a0\u00a0 <strong>Raimondas Rumsas<\/strong>: Tercero en el Tour de Francia del a\u00f1o 2002, Rumsas se ha visto implicado en varios casos de dopaje a lo largo de su carrera deportiva. En el a\u00f1o de su eclosi\u00f3n en el Tour se encontraron sustancias dopantes en el coche de su mujer, un a\u00f1o despu\u00e9s, en el 2003, Rumsas dio positivo por EPO y finalmente, en el a\u00f1o 2006, tanto \u00e9l como su mujer fueron condenados en Francia por tr\u00e1fico de sustancias dopantes.<\/p>\n<p>&#8211;\u00a0\u00a0\u00a0\u00a0\u00a0\u00a0\u00a0\u00a0\u00a0 <strong>Alexandre Vinokourov<\/strong>: Fue condenado a no poder competir durante dos a\u00f1os tras detect\u00e1rsele una autotransfusi\u00f3n de sangre durante el Tour del a\u00f1o 2007, el a\u00f1o anterior se le prohibi\u00f3 a su equipo, el Astan\u00e1, correr la ronda puesto que varios de sus corredores estaban implicados en la Operaci\u00f3n Puerto. \u2018Vino\u2019 logr\u00f3 ser tercero en el Tour del a\u00f1o 2003 y gan\u00f3 la Vuelta a Espa\u00f1a de 2006 adem\u00e1s de la medalla de oro de los Juegos Ol\u00edmpicos de Londres 2012.<\/p>\n<p>&#8211;\u00a0\u00a0\u00a0\u00a0\u00a0\u00a0\u00a0\u00a0\u00a0 <strong>Andreas Kl\u00f6den<\/strong>: Segundo en el Tour de Francia de los a\u00f1os 2004 y 2006. Kl\u00f6den, amigo personal de Jan Ullrich, fue acusado en el a\u00f1o 2009 de dopaje en el marco del Caso Friburgo, en el que se afirmaba que el corredor alem\u00e1n hab\u00eda recibido una autotransfusi\u00f3n tras la primera etapa de la ronda gala de 2006. Durante la instrucci\u00f3n del caso, Kl\u00f6den lleg\u00f3 a un acuerdo con la fiscal\u00eda alemana y pag\u00f3 25.000 euros para que no se siguiera investigando, una posibilidad recogida por la legislaci\u00f3n del pa\u00eds y que no implica que el corredor asumiera su culpa.<\/p>\n<p>&#8211;\u00a0\u00a0\u00a0\u00a0\u00a0\u00a0\u00a0\u00a0\u00a0<strong> Iv\u00e1n Basso<\/strong>: Ganador del Giro de Italia en 2006 y 2010 y tercero y segundo en el Tour de Francia de 2004 y 2005, Basso fue sancionado entre 2006 y 2008 por dopaje tras demostrarse en el a\u00f1o 2007 que form\u00f3 parte de la red ilegal del doctor Eufemiano Fuentes bajo el\u00a0seud\u00f3nimo\u00a0de \u2018Birilio\u2019 y \u2018n\u00famero 2\u2019, un extremo confesado por el propio Basso. Este esc\u00e1ndalo hizo que, de forma preventiva, la direcci\u00f3n del Tour de Francia decidiera expulsarle de la carrera de 2006, el d\u00eda antes de su etapa pr\u00f3logo.<\/p>\n<p>&#8211;\u00a0\u00a0\u00a0\u00a0\u00a0\u00a0\u00a0\u00a0\u00a0 <strong>Franciso Mancebo<\/strong>: Tercero en el Tour de Francia del a\u00f1o 2005 y tambi\u00e9n tercero en los a\u00f1os 2004 y 2005 en la Vuelta a Espa\u00f1a. Se le impidi\u00f3 participar en la ronda francesa del a\u00f1o 2006 por su implicaci\u00f3n en la Operaci\u00f3n Puerto puesto que se encontraron, entre los de muchos otros, datos que le implicaban en las actividades ilegales de Eufemiano Fuentes con el\u00a0seud\u00f3nimo\u00a0de \u2018Paco\u2019, \u2018n\u00famero 17\u2019 y \u2018Goku\u2019, este \u00faltimo el nombre de su perro.<\/p>\n<p>&#8211;\u00a0\u00a0\u00a0\u00a0\u00a0\u00a0\u00a0\u00a0\u00a0 <strong>Floyd Landis<\/strong>: Despose\u00eddo del t\u00edtulo de ganador del Tour de Francia del 2006 por positivo por testosterona. El propio Landis confes\u00f3, tras haber negado durante cuatro a\u00f1os el dopaje, que hab\u00eda consumido sustancias ilegales para aumentar su rendimiento durante a\u00f1os y, de igual forma, acus\u00f3 a otros corredores de realizar estas mismas pr\u00e1cticas. Seg\u00fan Armstrong reconoce en la entrevista que mantuvo con Oprah Winfrey, la confesi\u00f3n de Landis fue \u201cel punto de inflexi\u00f3n\u201d con el que comenz\u00f3 el proceso que finaliz\u00f3 con la confesi\u00f3n del exganador de siete tours puesto que a partir de ese hecho, en el a\u00f1o 2010, comenz\u00f3 una investigaci\u00f3n federal sobre las pr\u00e1cticas de Armstrong.<\/p>\n<p>&#8211;\u00a0\u00a0\u00a0\u00a0\u00a0\u00a0\u00a0\u00a0\u00a0 <strong>\u00d3scar Pereiro<\/strong>: Ganador del Tour de 2006 tras la descalificaci\u00f3n de Floyd Landis. Nunca se ha demostrado su relaci\u00f3n con asuntos de dopaje.<\/p>\n<p>&#8211;\u00a0\u00a0\u00a0\u00a0\u00a0\u00a0\u00a0\u00a0\u00a0 <strong>Alberto Contador<\/strong>: Ganador del Tour de Francia de los a\u00f1os 2007, 2009, 2010 y 2011 (los dos \u00faltimos se le retiraron por un positivo por clembuterol en 2010), de los giros de 2008 y 2011 (fue despose\u00eddo tambi\u00e9n de este \u00faltimo t\u00edtulo) y de la Vuelta de 2008 y 2012. Contador fue controlado positivo por clembuterol durante una de las jornadas de descanso del Tour de 2010, un extremo que \u00e9l siempre ha achacado a la ingesti\u00f3n de un solomillo o un suplemento alimenticio contaminados, una teor\u00eda que no evit\u00f3 que se viera obligado a cumplir una sanci\u00f3n de dos a\u00f1os. Tambi\u00e9n se vio obligado a declarar durante la Operaci\u00f3n Puerto, aunque no como imputado sino como testigo.<\/p>\n<p>&#8211;\u00a0\u00a0\u00a0\u00a0\u00a0\u00a0\u00a0\u00a0\u00a0 <strong>Cadel Evans<\/strong>: Ganador del Tour en 2011 y segundo en 2007 y 2008. Fue tambi\u00e9n campe\u00f3n del mundo en ruta en 2009. Nunca se ha demostrado su relaci\u00f3n con asuntos de dopaje.<\/p>\n<p>&#8211;\u00a0\u00a0\u00a0\u00a0\u00a0\u00a0\u00a0\u00a0\u00a0 <strong>Levi Lepheimer<\/strong>: Sus logros como tercer clasificado en el Tour de 2007 y la Vuelta a Espa\u00f1a de 2001 le fueron retirados tras reconocer haberse dopado durante 10 a\u00f1os, desde 1996. Es amigo personal de Lance Armstrong y declar\u00f3, durante el transcurso de la investigaci\u00f3n de la USADA, que el tejano se dopaba durante la consecuci\u00f3n de sus siete tours.<\/p>\n<p>&#8211;\u00a0\u00a0\u00a0\u00a0\u00a0\u00a0\u00a0\u00a0\u00a0 <strong>Carlos Sastre<\/strong>: Ganador del Tour en el a\u00f1o 2008 y tercero en 2006, fue tambi\u00e9n tercero en el Giro de 2009, segundo en 2005 y 2007 en la Vuelta a Espa\u00f1a, carrera en la que tambi\u00e9n fue tercero en el a\u00f1o 2008. Nunca se ha demostrado su relaci\u00f3n con asuntos de dopaje.<\/p>\n<p>&#8211;\u00a0\u00a0\u00a0\u00a0\u00a0\u00a0\u00a0\u00a0\u00a0 <strong>Denis Menchov<\/strong>: Segundo en el Tour de Francia de 2010, tercero en el de 2008, ganador del Giro de Italia de 2009, de la Vuelta a Espa\u00f1a de 2007 y segundo de la carrera espa\u00f1ola en 2005. Nunca se ha demostrado su relaci\u00f3n con asuntos de dopaje.<\/p>\n<p>&#8211;\u00a0\u00a0\u00a0\u00a0\u00a0\u00a0\u00a0\u00a0\u00a0 <strong>Andy Schleck<\/strong>: Ganador del Tour de Francia de 2010 por la descalificaci\u00f3n de Alberto Contador y segundo en los a\u00f1os 2009 y 2011. Igualmente, fue segundo en el Giro de Italia de 2007. \u00a0Nunca se ha demostrado su relaci\u00f3n con asuntos de dopaje.<\/p>\n<p>&#8211;\u00a0\u00a0\u00a0\u00a0\u00a0\u00a0\u00a0\u00a0\u00a0 <strong>Frank Schleck<\/strong>: El hermano de Andy tiene en su haber un tercer puesto en el Tour de Francia del a\u00f1o 2011. En el transcurso de la carrera del a\u00f1o siguiente dio positivo por el diur\u00e9tico Xipamide y fue expulsado. El pr\u00f3ximo 30 de enero se conocer\u00e1 su sanci\u00f3n.<\/p>\n<p>&#8211;\u00a0\u00a0\u00a0\u00a0\u00a0\u00a0\u00a0\u00a0\u00a0 <strong>Bradley Wiggins<\/strong>: Campe\u00f3n del Tour de 2012 y campe\u00f3n ol\u00edmpico contrarreloj en ese mismo a\u00f1o. Adem\u00e1s, fue tercero en el Tour de 2009, tercero en la Vuelta a Espa\u00f1a de 2011 y segundo en el campeonato del mundo contrarreloj tambi\u00e9n del 2011. Nunca se ha demostrado su relaci\u00f3n con asuntos de dopaje.<\/p>\n<p>&#8211;\u00a0\u00a0\u00a0\u00a0\u00a0\u00a0\u00a0\u00a0\u00a0 <strong>Chris Froome<\/strong>: Segundo en el Tour de Francia de 2012, segundo en la Vuelta a Espa\u00f1a de 2011 y tercero en los Juegos Ol\u00edmpicos de Londres en la prueba contra el crono. Nunca se ha demostrado su relaci\u00f3n con asuntos de dopaje.<\/p>\n<p>&#8211;\u00a0\u00a0\u00a0\u00a0\u00a0\u00a0\u00a0\u00a0\u00a0 <strong>Vicenzo Nibali<\/strong>: Tercero en el Tour de 2012, tercero en el Giro de 2010 y segundo en el de 2011 y ganador de la Vuelta a Espa\u00f1a del a\u00f1o 2010. Nunca se ha demostrado su relaci\u00f3n con asuntos de dopaje.<\/p>\n<p>&nbsp;<\/p>\n","protected":false},"excerpt":{"rendered":"<p>Desconozco cu\u00e1ndo fue la primera vez que me maravill\u00f3 Lance Armstrong. Seguramente me ocurri\u00f3 como muchas otras veces en las que un deportista extranjero comienza a destacar en lo suyo, no lo vi venir. Lleg\u00f3, en mi inconsciente deportivo, al mundo del ciclismo no mucho despu\u00e9s de aquellos cinco tours gloriosos de Miguel Indur\u00e1in, de [&hellip;]<\/p>\n","protected":false},"author":17,"featured_media":0,"comment_status":"open","ping_status":"closed","sticky":false,"template":"","format":"standard","meta":[],"categories":[3],"tags":[8,10,12,17],"_links":{"self":[{"href":"https:\/\/blogs.elnortedecastilla.es\/quenosquitenlobailao\/wp-json\/wp\/v2\/posts\/39"}],"collection":[{"href":"https:\/\/blogs.elnortedecastilla.es\/quenosquitenlobailao\/wp-json\/wp\/v2\/posts"}],"about":[{"href":"https:\/\/blogs.elnortedecastilla.es\/quenosquitenlobailao\/wp-json\/wp\/v2\/types\/post"}],"author":[{"embeddable":true,"href":"https:\/\/blogs.elnortedecastilla.es\/quenosquitenlobailao\/wp-json\/wp\/v2\/users\/17"}],"replies":[{"embeddable":true,"href":"https:\/\/blogs.elnortedecastilla.es\/quenosquitenlobailao\/wp-json\/wp\/v2\/comments?post=39"}],"version-history":[{"count":0,"href":"https:\/\/blogs.elnortedecastilla.es\/quenosquitenlobailao\/wp-json\/wp\/v2\/posts\/39\/revisions"}],"wp:attachment":[{"href":"https:\/\/blogs.elnortedecastilla.es\/quenosquitenlobailao\/wp-json\/wp\/v2\/media?parent=39"}],"wp:term":[{"taxonomy":"category","embeddable":true,"href":"https:\/\/blogs.elnortedecastilla.es\/quenosquitenlobailao\/wp-json\/wp\/v2\/categories?post=39"},{"taxonomy":"post_tag","embeddable":true,"href":"https:\/\/blogs.elnortedecastilla.es\/quenosquitenlobailao\/wp-json\/wp\/v2\/tags?post=39"}],"curies":[{"name":"wp","href":"https:\/\/api.w.org\/{rel}","templated":true}]}}