{"id":45,"date":"2013-03-14T00:43:34","date_gmt":"2013-03-13T23:43:34","guid":{"rendered":"http:\/\/blogs.elnortedecastilla.es\/quenosquitenlobailao\/?p=45"},"modified":"2013-03-14T00:43:34","modified_gmt":"2013-03-13T23:43:34","slug":"el-primer-profeta-2-0-2","status":"publish","type":"post","link":"https:\/\/blogs.elnortedecastilla.es\/quenosquitenlobailao\/2013\/03\/14\/el-primer-profeta-2-0-2\/","title":{"rendered":"El primer profeta 2.0"},"content":{"rendered":"<p><a href=\"\/voc-migration\/endpointsite\/wp-content\/uploads\/sites\/134\/2013\/03\/profeta.jpg\"><img loading=\"lazy\" class=\"aligncenter size-full wp-image-47\" title=\"profeta\" src=\"\/voc-migration\/endpointsite\/wp-content\/uploads\/sites\/134\/2013\/03\/profeta.jpg\" alt=\"\" width=\"600\" height=\"393\" srcset=\"https:\/\/static-blogs.elnortedecastilla.es\/wp-content\/uploads\/sites\/134\/2013\/03\/profeta.jpg 600w, https:\/\/static-blogs.elnortedecastilla.es\/wp-content\/uploads\/sites\/134\/2013\/03\/profeta-300x197.jpg 300w\" sizes=\"(max-width: 600px) 100vw, 600px\" \/><\/a><\/p>\n<p>&nbsp;<\/p>\n<p>Esta historia surge del retuit de un retuit de Isa\u00edas Lafuente, el periodista de la Cadena Ser responsable, entre otras cosas, de la Unidad de Vigilancia Intensiva de La Ventana. En la jornada de ayer la Iglesia anunci\u00f3 a su nuevo Papa, un argentino de rostro amable llamado <a href=\"http:\/\/www.elnortedecastilla.es\/benedictoxvi\/noticias\/jorge-mario-bergoglio-sera-201303132020.html\" target=\"_blank\" rel=\"external nofollow\">Jos\u00e9 Mar\u00eda Bergoglio<\/a>.<\/p>\n<p>El <a href=\"http:\/\/www.elnortedecastilla.es\/benedictoxvi\/noticias\/clave-para-eleccion-nuevo-201303130223.html\" target=\"_blank\" rel=\"external nofollow\">nuevo pont\u00edfice<\/a> decidi\u00f3 utilizar para su etapa al frente de la Iglesia Cat\u00f3lica el nombre de Francisco I, tal vez en homenaje a San Francisco Javier, uno de los precursores de la Compa\u00f1\u00eda de Jes\u00fas, m\u00e1s conocida como los jesuitas, a la que Bergoglio pertenece.<\/p>\n<p>La historia de los profetas en la Biblia es muy extensa pero hasta ahora no hab\u00eda ocurrido, o al menos yo no la conoc\u00eda, la aparici\u00f3n de un profeta 2.0 de la mano de las redes sociales, y m\u00e1s concretamente Twitter.<\/p>\n<p style=\"text-align: right;\"><a href=\"https:\/\/blogs.elnortedecastilla.es\/quenosquitenlobailao\/2013\/03\/14\/el-primer-profeta-2-0-2\/\">Seguir leyendo<\/a><\/p>\n<p><!--more--><\/p>\n<p>El nuevo Papa, cuya actividad por cierto se puede seguir en la red social de microblogging en el perfil @pontifex, trae consigo la aparici\u00f3n de un nuevo visionario. Se llama @ardecabo y m\u00e1s de un mes antes del comienzo de este nuevo pontificado tuvo un sue\u00f1o premonitorio en el que el nuevo Papa ten\u00eda por nombre Francisco I. As\u00ed al menos lo atestigua una publicaci\u00f3n de su novia, @YolandaDeMeana, que tiene a estas horas<a href=\"https:\/\/twitter.com\/YolandaDeMena\/status\/300923731092598786\" target=\"_blank\" rel=\"external nofollow\"> m\u00e1s de 14.500 retuits<\/a>. Y es que, el texto en 140 caracteres fechado el 11 de febrero dec\u00eda lo siguiente; &#8220;Mi novio anoche se despert\u00f3 a las 4am diciendo q habia so\u00f1ado con un nuevo papa llamado &#8220;Francisco I&#8221; y hoy benedicto renuncia.&#8221;<\/p>\n<p>Curioso, al menos, no me pod\u00e9is negar que es. Habemus papam (y profeta 2.0).<\/p>\n","protected":false},"excerpt":{"rendered":"<p>&nbsp; Esta historia surge del retuit de un retuit de Isa\u00edas Lafuente, el periodista de la Cadena Ser responsable, entre otras cosas, de la Unidad de Vigilancia Intensiva de La Ventana. En la jornada de ayer la Iglesia anunci\u00f3 a su nuevo Papa, un argentino de rostro amable llamado Jos\u00e9 Mar\u00eda Bergoglio. El nuevo pont\u00edfice [&hellip;]<\/p>\n","protected":false},"author":17,"featured_media":0,"comment_status":"open","ping_status":"closed","sticky":false,"template":"","format":"standard","meta":[],"categories":[1],"tags":[],"_links":{"self":[{"href":"https:\/\/blogs.elnortedecastilla.es\/quenosquitenlobailao\/wp-json\/wp\/v2\/posts\/45"}],"collection":[{"href":"https:\/\/blogs.elnortedecastilla.es\/quenosquitenlobailao\/wp-json\/wp\/v2\/posts"}],"about":[{"href":"https:\/\/blogs.elnortedecastilla.es\/quenosquitenlobailao\/wp-json\/wp\/v2\/types\/post"}],"author":[{"embeddable":true,"href":"https:\/\/blogs.elnortedecastilla.es\/quenosquitenlobailao\/wp-json\/wp\/v2\/users\/17"}],"replies":[{"embeddable":true,"href":"https:\/\/blogs.elnortedecastilla.es\/quenosquitenlobailao\/wp-json\/wp\/v2\/comments?post=45"}],"version-history":[{"count":0,"href":"https:\/\/blogs.elnortedecastilla.es\/quenosquitenlobailao\/wp-json\/wp\/v2\/posts\/45\/revisions"}],"wp:attachment":[{"href":"https:\/\/blogs.elnortedecastilla.es\/quenosquitenlobailao\/wp-json\/wp\/v2\/media?parent=45"}],"wp:term":[{"taxonomy":"category","embeddable":true,"href":"https:\/\/blogs.elnortedecastilla.es\/quenosquitenlobailao\/wp-json\/wp\/v2\/categories?post=45"},{"taxonomy":"post_tag","embeddable":true,"href":"https:\/\/blogs.elnortedecastilla.es\/quenosquitenlobailao\/wp-json\/wp\/v2\/tags?post=45"}],"curies":[{"name":"wp","href":"https:\/\/api.w.org\/{rel}","templated":true}]}}