{"id":50,"date":"2013-11-01T23:59:44","date_gmt":"2013-11-01T22:59:44","guid":{"rendered":"http:\/\/blogs.elnortedecastilla.es\/quenosquitenlobailao\/?p=50"},"modified":"2013-11-01T23:59:44","modified_gmt":"2013-11-01T22:59:44","slug":"la-senora-emilia","status":"publish","type":"post","link":"https:\/\/blogs.elnortedecastilla.es\/quenosquitenlobailao\/2013\/11\/01\/la-senora-emilia\/","title":{"rendered":"La Se\u00f1ora Emilia"},"content":{"rendered":"<p>En mi pueblo cuando trato con personas de generaciones anteriores a la m\u00eda no soy Juan Antonio, ni Juan, ni tan siquiera Juanan. Desde el &#8216;Y tu, \u00bfde qui\u00e9n eres?&#8217; hasta el &#8216;\u00a1Co\u00f1o, cu\u00e1nto tiempo, ya no te conoc\u00eda!&#8217; solo media una respuesta posible: &#8220;Soy el nieto de la Se\u00f1ora Emilia&#8221;.<\/p>\n<p>Y es que mi abuela era sin duda mi se\u00f1a de identidad en Pereruela de Sayago. Mujer castellana donde las haya, no regalaba un halago ni un gesto cari\u00f1oso, pero los que daba le sal\u00edan del coraz\u00f3n. Era una todoterreno que igual montaba en moto con mi t\u00edo Emilio y sorteaban juntos los caminos m\u00e1s empedrados, que cog\u00eda una bolsa con una fiambrera y la llevaba caminando a su hijo que trabajaba en medio del campo y no hab\u00eda tenido tiempo de acercarse a casa a comer.<\/p>\n<p>Recia, s\u00ed, pero divertida sobre todo cuando se ve\u00eda rodeada por todos sus nietos, dieciocho ni m\u00e1s ni menos, a los que hab\u00edan dado vida sus nueve hijos. Una familia extensa que en las celebraciones conjuntas pasaba religiosamente, y nunca mejor dicho, por las mejillas y los labios de Emilia, a la que todos quer\u00edamos besar y saludar y contarle c\u00f3mo iban evolucionando nuestras vidas, cada vez m\u00e1s lejos de la quietud del pueblo.<\/p>\n<p>No era mi abuela amiga de socializar en eventos festivos m\u00e1s all\u00e1 de los ce\u00f1idos a la familia, pero cuando las campanas tocaban a misa se apresuraba a levantarnos y llevarnos a la iglesia. Ella se sentaba en los primeros bancos, atend\u00eda a la homil\u00eda con los ojos y los o\u00eddos bien abiertos y comulgaba siempre la primera de la fila. A veces nos ca\u00eda alguna pregunta comprometedora sobre la tem\u00e1tica de la misa cuando est\u00e1bamos ya comiendo y casi siempre mir\u00e1bamos al plato y segu\u00edamos dando cucharadas, porque no hab\u00edamos estado demasiado atentos.<\/p>\n<p>De medio lado, tumbada en el sof\u00e1 durante la hora de la siesta de las tardes de verano, retumbaban en el comedor los di\u00e1logos <em>sudamericanizados<\/em> de las telenovelas de La 1, pero, pobre del que quisiera siquiera acercarse al mando a distancia para cambiar de canal. No dorm\u00eda, dormitaba, y siempre estaba alerta para que nadie borrara de su sobremesa aquellas m\u00edticas &#8216;Agujetas de color de rosa&#8217;, &#8216;Topacio&#8217; o cualquiera de esos sopor\u00edferos seriales.<\/p>\n<p>Hace ya algunos a\u00f1os que nos dej\u00f3 pero a\u00fan hoy, en cualquier evento familiar la mirada busca a aquella mujer fibrosa, fuerte de f\u00edsico y de car\u00e1cter que se deshac\u00eda cuando sus nietos se acercaban a verla.<\/p>\n<p>Perm\u00edtanme que en esta ocasi\u00f3n firme a pie de p\u00e1gina como quien soy, el nieto de la Se\u00f1ora Emilia. Hasta siempre abuela.<\/p>\n","protected":false},"excerpt":{"rendered":"<p>En mi pueblo cuando trato con personas de generaciones anteriores a la m\u00eda no soy Juan Antonio, ni Juan, ni tan siquiera Juanan. Desde el &#8216;Y tu, \u00bfde qui\u00e9n eres?&#8217; hasta el &#8216;\u00a1Co\u00f1o, cu\u00e1nto tiempo, ya no te conoc\u00eda!&#8217; solo media una respuesta posible: &#8220;Soy el nieto de la Se\u00f1ora Emilia&#8221;. Y es que mi [&hellip;]<\/p>\n","protected":false},"author":17,"featured_media":0,"comment_status":"open","ping_status":"open","sticky":false,"template":"","format":"standard","meta":[],"categories":[1],"tags":[],"_links":{"self":[{"href":"https:\/\/blogs.elnortedecastilla.es\/quenosquitenlobailao\/wp-json\/wp\/v2\/posts\/50"}],"collection":[{"href":"https:\/\/blogs.elnortedecastilla.es\/quenosquitenlobailao\/wp-json\/wp\/v2\/posts"}],"about":[{"href":"https:\/\/blogs.elnortedecastilla.es\/quenosquitenlobailao\/wp-json\/wp\/v2\/types\/post"}],"author":[{"embeddable":true,"href":"https:\/\/blogs.elnortedecastilla.es\/quenosquitenlobailao\/wp-json\/wp\/v2\/users\/17"}],"replies":[{"embeddable":true,"href":"https:\/\/blogs.elnortedecastilla.es\/quenosquitenlobailao\/wp-json\/wp\/v2\/comments?post=50"}],"version-history":[{"count":0,"href":"https:\/\/blogs.elnortedecastilla.es\/quenosquitenlobailao\/wp-json\/wp\/v2\/posts\/50\/revisions"}],"wp:attachment":[{"href":"https:\/\/blogs.elnortedecastilla.es\/quenosquitenlobailao\/wp-json\/wp\/v2\/media?parent=50"}],"wp:term":[{"taxonomy":"category","embeddable":true,"href":"https:\/\/blogs.elnortedecastilla.es\/quenosquitenlobailao\/wp-json\/wp\/v2\/categories?post=50"},{"taxonomy":"post_tag","embeddable":true,"href":"https:\/\/blogs.elnortedecastilla.es\/quenosquitenlobailao\/wp-json\/wp\/v2\/tags?post=50"}],"curies":[{"name":"wp","href":"https:\/\/api.w.org\/{rel}","templated":true}]}}