{"id":52,"date":"2014-03-11T00:38:18","date_gmt":"2014-03-10T23:38:18","guid":{"rendered":"http:\/\/blogs.elnortedecastilla.es\/quenosquitenlobailao\/?p=52"},"modified":"2014-03-11T00:38:18","modified_gmt":"2014-03-10T23:38:18","slug":"otro-maldito-11-m","status":"publish","type":"post","link":"https:\/\/blogs.elnortedecastilla.es\/quenosquitenlobailao\/2014\/03\/11\/otro-maldito-11-m\/","title":{"rendered":"Otro maldito 11-M"},"content":{"rendered":"<p>Me ha pillado a contrapi\u00e9. Llevo d\u00edas escuchando, de lejos, las campanas informativas que anuncian que ma\u00f1ana se cumplen diez a\u00f1os de los atentados de Madrid, el 11-M. No he le\u00eddo mucho, si acaso le he echado alg\u00fan ojo a informaci\u00f3n sobre la trama del atentado, pero sin testimonios de las v\u00edctimas y sin rememorar la parte m\u00e1s cruel de las cr\u00f3nicas de aquel infausto d\u00eda. La deformaci\u00f3n profesional, ya se sabe, el ansia por conocer m\u00e1s, pero sin buscar sentimentalismos ni historias humanas, un peque\u00f1o escudo supongo.<\/p>\n<p>Despu\u00e9s de un largo d\u00eda me he puesto a escuchar el final del \u00faltimo encuentro de la jornada mientras preparaba las cosas de ma\u00f1ana y he enlazado con El partido de las doce, el programa nocturno de deportes de la Cope. En \u00e9l hablan con uno de los viajeros de aquellos trenes que reventaron hace ahora una d\u00e9cada. Y me ha tocado la fibra. A contrapi\u00e9, ya digo, sin esperarlo, imposible de pasarlo por alto, cuando cre\u00eda que ya lo hab\u00eda solventado con precisi\u00f3n quir\u00fargica y en condiciones extremas de esterilizaci\u00f3n. Bueno, tal vez era \u00a0imposible.<\/p>\n<p>Al final por problemas de conexi\u00f3n \u2013a veces los fallos de la tecnolog\u00eda hasta son de agradecer- he dejado de escuchar la entrevista, pero no dejo de pensar que le han dedicado el programa de hoy porque ma\u00f1ana hay partidos de Champions y <em>the show must go on<\/em>. Y esto ni siquiera es malo porque el espect\u00e1culo debe continuar, y demos gracias por ello porque desde el a\u00f1o 2004 191 personas dejaron de poder disfrutar de un d\u00eda m\u00e1s, por la sinraz\u00f3n de unos locos que pensaron, de alguna manera, que la vida de aquellos 191 les pertenec\u00eda y decidieron arrebat\u00e1rsela.<\/p>\n<p>Tengan un gran 11-M y disfruten de la vida. Yo pienso hacerlo porque es lo \u00fanico que hasta el \u00faltimo momento no nos podr\u00e1n quitar.<\/p>\n","protected":false},"excerpt":{"rendered":"<p>Me ha pillado a contrapi\u00e9. Llevo d\u00edas escuchando, de lejos, las campanas informativas que anuncian que ma\u00f1ana se cumplen diez a\u00f1os de los atentados de Madrid, el 11-M. No he le\u00eddo mucho, si acaso le he echado alg\u00fan ojo a informaci\u00f3n sobre la trama del atentado, pero sin testimonios de las v\u00edctimas y sin rememorar [&hellip;]<\/p>\n","protected":false},"author":17,"featured_media":0,"comment_status":"open","ping_status":"open","sticky":false,"template":"","format":"standard","meta":[],"categories":[1],"tags":[],"_links":{"self":[{"href":"https:\/\/blogs.elnortedecastilla.es\/quenosquitenlobailao\/wp-json\/wp\/v2\/posts\/52"}],"collection":[{"href":"https:\/\/blogs.elnortedecastilla.es\/quenosquitenlobailao\/wp-json\/wp\/v2\/posts"}],"about":[{"href":"https:\/\/blogs.elnortedecastilla.es\/quenosquitenlobailao\/wp-json\/wp\/v2\/types\/post"}],"author":[{"embeddable":true,"href":"https:\/\/blogs.elnortedecastilla.es\/quenosquitenlobailao\/wp-json\/wp\/v2\/users\/17"}],"replies":[{"embeddable":true,"href":"https:\/\/blogs.elnortedecastilla.es\/quenosquitenlobailao\/wp-json\/wp\/v2\/comments?post=52"}],"version-history":[{"count":0,"href":"https:\/\/blogs.elnortedecastilla.es\/quenosquitenlobailao\/wp-json\/wp\/v2\/posts\/52\/revisions"}],"wp:attachment":[{"href":"https:\/\/blogs.elnortedecastilla.es\/quenosquitenlobailao\/wp-json\/wp\/v2\/media?parent=52"}],"wp:term":[{"taxonomy":"category","embeddable":true,"href":"https:\/\/blogs.elnortedecastilla.es\/quenosquitenlobailao\/wp-json\/wp\/v2\/categories?post=52"},{"taxonomy":"post_tag","embeddable":true,"href":"https:\/\/blogs.elnortedecastilla.es\/quenosquitenlobailao\/wp-json\/wp\/v2\/tags?post=52"}],"curies":[{"name":"wp","href":"https:\/\/api.w.org\/{rel}","templated":true}]}}