{"id":8,"date":"2012-01-26T22:02:02","date_gmt":"2012-01-26T21:02:02","guid":{"rendered":"http:\/\/blogs.elnortedecastilla.es\/quenosquitenlobailao\/?p=7"},"modified":"2012-01-26T22:02:02","modified_gmt":"2012-01-26T21:02:02","slug":"una-manera-diferente-de-escuchar-musica-clasica","status":"publish","type":"post","link":"https:\/\/blogs.elnortedecastilla.es\/quenosquitenlobailao\/2012\/01\/26\/una-manera-diferente-de-escuchar-musica-clasica\/","title":{"rendered":"Una manera diferente de escuchar m\u00fasica cl\u00e1sica"},"content":{"rendered":"<p>Es habitual que cuando alguien habla de m\u00fasica cl\u00e1sica sus palabras nos suenen a aburrimiento, tedio, perfecci\u00f3n sonora s\u00ed, pero demasiado mon\u00f3tona o, tal vez, demasiado tranquila para nuestro ruidoso estilo de vida.<\/p>\n<p>A muchos nos cuesta acercarnos a este tipo de piezas pero, con tal solo buscar un poco, es muy f\u00e1cil encontrar bellas melod\u00edas que hemos escuchado\u00a0cientos de\u00a0veces en pel\u00edculas, anuncios o informativos. Desde aqu\u00ed un consejo para disfrutar con estas canciones, que sea m\u00fasica interpretada en directo y si podemos verlas en v\u00eddeo mucho mejor puesto que podremos observar de d\u00f3nde sale esa enorme musicalidad, esa potencia que solo puede emanar de una gran orquesta sinf\u00f3nica, son impresionantes.<\/p>\n<p>Para animaros a un acercamiento a este tipo de m\u00fasica os dejo dos ejemplos un tanto diferentes.<\/p>\n<p style=\"text-align: right;\"><a title=\"Sigue leyendo\" href=\"https:\/\/blogs.elnortedecastilla.es\/quenosquitenlobailao\/?p=7&#038;preview=true\">Sigue leyendo<\/a><\/p>\n<p style=\"text-align: right;\"><!--more--><\/p>\n<p>El primero de ellos es la pieza final del concierto de A\u00f1o Nuevo en Viena en 1987, con Herbert Von Karajan como director de orquesta. Seguro que todos hab\u00e9is visto en la comida de A\u00f1o Nuevo con vuestra familia el final del Telediario de TVE. La Marcha Radetzky siempre cierra el concierto y tambi\u00e9n el espacio informativo. El que mientras ve el v\u00eddeo sea capaz de no dar ni una sola palmada es que es de hielo.<\/p>\n<p><iframe loading=\"lazy\" width=\"500\" height=\"375\" src=\"https:\/\/www.youtube.com\/embed\/dAuW-_qtoTc?feature=oembed\" frameborder=\"0\" gesture=\"media\" allowfullscreen><\/iframe><\/p>\n<p>El segundo de los v\u00eddeos que os quiero mostrar es una versi\u00f3n del Canon en Re Mayor que Johann Pachelbel compuso en el a\u00f1o 1680. La caracter\u00edstica principal, est\u00e1 interpretado con una guitarra el\u00e9ctrica, si os gusta el rock os tiene que gustar el Canon Rock&#8230;<\/p>\n<p>http:\/\/www.youtube.com\/watch?v=j2fZLh8XSnY<\/p>\n<p>&nbsp;<\/p>\n","protected":false},"excerpt":{"rendered":"<p>Es habitual que cuando alguien habla de m\u00fasica cl\u00e1sica sus palabras nos suenen a aburrimiento, tedio, perfecci\u00f3n sonora s\u00ed, pero demasiado mon\u00f3tona o, tal vez, demasiado tranquila para nuestro ruidoso estilo de vida. A muchos nos cuesta acercarnos a este tipo de piezas pero, con tal solo buscar un poco, es muy f\u00e1cil encontrar bellas [&hellip;]<\/p>\n","protected":false},"author":17,"featured_media":0,"comment_status":"open","ping_status":"closed","sticky":false,"template":"","format":"standard","meta":[],"categories":[1],"tags":[15],"_links":{"self":[{"href":"https:\/\/blogs.elnortedecastilla.es\/quenosquitenlobailao\/wp-json\/wp\/v2\/posts\/8"}],"collection":[{"href":"https:\/\/blogs.elnortedecastilla.es\/quenosquitenlobailao\/wp-json\/wp\/v2\/posts"}],"about":[{"href":"https:\/\/blogs.elnortedecastilla.es\/quenosquitenlobailao\/wp-json\/wp\/v2\/types\/post"}],"author":[{"embeddable":true,"href":"https:\/\/blogs.elnortedecastilla.es\/quenosquitenlobailao\/wp-json\/wp\/v2\/users\/17"}],"replies":[{"embeddable":true,"href":"https:\/\/blogs.elnortedecastilla.es\/quenosquitenlobailao\/wp-json\/wp\/v2\/comments?post=8"}],"version-history":[{"count":0,"href":"https:\/\/blogs.elnortedecastilla.es\/quenosquitenlobailao\/wp-json\/wp\/v2\/posts\/8\/revisions"}],"wp:attachment":[{"href":"https:\/\/blogs.elnortedecastilla.es\/quenosquitenlobailao\/wp-json\/wp\/v2\/media?parent=8"}],"wp:term":[{"taxonomy":"category","embeddable":true,"href":"https:\/\/blogs.elnortedecastilla.es\/quenosquitenlobailao\/wp-json\/wp\/v2\/categories?post=8"},{"taxonomy":"post_tag","embeddable":true,"href":"https:\/\/blogs.elnortedecastilla.es\/quenosquitenlobailao\/wp-json\/wp\/v2\/tags?post=8"}],"curies":[{"name":"wp","href":"https:\/\/api.w.org\/{rel}","templated":true}]}}