{"id":8077,"date":"2018-10-25T03:03:12","date_gmt":"2018-10-25T02:03:12","guid":{"rendered":"https:\/\/blogs.elnortedecastilla.es\/rafavega\/?p=8077"},"modified":"2018-10-24T15:13:03","modified_gmt":"2018-10-24T14:13:03","slug":"la-opinion-publica","status":"publish","type":"post","link":"https:\/\/blogs.elnortedecastilla.es\/rafavega\/la-opinion-publica\/","title":{"rendered":"La opini\u00f3n p\u00fablica"},"content":{"rendered":"<p>Sans\u00f3n, El Norte de Castilla, 25 de octubre de 2018<\/p>\n<p>&nbsp;<\/p>\n<p><a href=\"https:\/\/static-blogs.elnortedecastilla.es\/wp-content\/uploads\/sites\/4\/2018\/10\/sanson20181025.jpg\"><img loading=\"lazy\" class=\"alignnone size-full wp-image-8078\" src=\"https:\/\/static-blogs.elnortedecastilla.es\/wp-content\/uploads\/sites\/4\/2018\/10\/sanson20181025.jpg\" alt=\"sanson20181025\" width=\"650\" height=\"278\" srcset=\"https:\/\/static-blogs.elnortedecastilla.es\/wp-content\/uploads\/sites\/4\/2018\/10\/sanson20181025.jpg 650w, https:\/\/static-blogs.elnortedecastilla.es\/wp-content\/uploads\/sites\/4\/2018\/10\/sanson20181025-300x128.jpg 300w\" sizes=\"(max-width: 650px) 100vw, 650px\" \/><\/a><\/p>\n","protected":false},"excerpt":{"rendered":"<p>Sans\u00f3n, El Norte de Castilla, 25 de octubre de 2018 &nbsp;<\/p>\n","protected":false},"author":5,"featured_media":0,"comment_status":"open","ping_status":"open","sticky":false,"template":"","format":"standard","meta":[],"categories":[9],"tags":[],"_links":{"self":[{"href":"https:\/\/blogs.elnortedecastilla.es\/rafavega\/wp-json\/wp\/v2\/posts\/8077"}],"collection":[{"href":"https:\/\/blogs.elnortedecastilla.es\/rafavega\/wp-json\/wp\/v2\/posts"}],"about":[{"href":"https:\/\/blogs.elnortedecastilla.es\/rafavega\/wp-json\/wp\/v2\/types\/post"}],"author":[{"embeddable":true,"href":"https:\/\/blogs.elnortedecastilla.es\/rafavega\/wp-json\/wp\/v2\/users\/5"}],"replies":[{"embeddable":true,"href":"https:\/\/blogs.elnortedecastilla.es\/rafavega\/wp-json\/wp\/v2\/comments?post=8077"}],"version-history":[{"count":1,"href":"https:\/\/blogs.elnortedecastilla.es\/rafavega\/wp-json\/wp\/v2\/posts\/8077\/revisions"}],"predecessor-version":[{"id":8079,"href":"https:\/\/blogs.elnortedecastilla.es\/rafavega\/wp-json\/wp\/v2\/posts\/8077\/revisions\/8079"}],"wp:attachment":[{"href":"https:\/\/blogs.elnortedecastilla.es\/rafavega\/wp-json\/wp\/v2\/media?parent=8077"}],"wp:term":[{"taxonomy":"category","embeddable":true,"href":"https:\/\/blogs.elnortedecastilla.es\/rafavega\/wp-json\/wp\/v2\/categories?post=8077"},{"taxonomy":"post_tag","embeddable":true,"href":"https:\/\/blogs.elnortedecastilla.es\/rafavega\/wp-json\/wp\/v2\/tags?post=8077"}],"curies":[{"name":"wp","href":"https:\/\/api.w.org\/{rel}","templated":true}]}}