{"id":8402,"date":"2019-02-04T03:03:40","date_gmt":"2019-02-04T02:03:40","guid":{"rendered":"https:\/\/blogs.elnortedecastilla.es\/rafavega\/?p=8402"},"modified":"2019-02-03T20:43:09","modified_gmt":"2019-02-03T19:43:09","slug":"ideologia-cromatica","status":"publish","type":"post","link":"https:\/\/blogs.elnortedecastilla.es\/rafavega\/ideologia-cromatica\/","title":{"rendered":"Ideolog\u00eda crom\u00e1tica"},"content":{"rendered":"<p>Sans\u00f3n, El Norte de Castilla, 4 de febrero de 2019<\/p>\n<p>&nbsp;<\/p>\n<p><a href=\"https:\/\/static-blogs.elnortedecastilla.es\/wp-content\/uploads\/sites\/4\/2019\/02\/sanson20190204.jpg\"><img loading=\"lazy\" class=\"alignnone size-full wp-image-8403\" src=\"https:\/\/static-blogs.elnortedecastilla.es\/wp-content\/uploads\/sites\/4\/2019\/02\/sanson20190204.jpg\" alt=\"sanson20190204\" width=\"650\" height=\"278\" srcset=\"https:\/\/static-blogs.elnortedecastilla.es\/wp-content\/uploads\/sites\/4\/2019\/02\/sanson20190204.jpg 650w, https:\/\/static-blogs.elnortedecastilla.es\/wp-content\/uploads\/sites\/4\/2019\/02\/sanson20190204-300x128.jpg 300w\" sizes=\"(max-width: 650px) 100vw, 650px\" \/><\/a><\/p>\n","protected":false},"excerpt":{"rendered":"<p>Sans\u00f3n, El Norte de Castilla, 4 de febrero de 2019 &nbsp;<\/p>\n","protected":false},"author":5,"featured_media":0,"comment_status":"open","ping_status":"open","sticky":false,"template":"","format":"standard","meta":[],"categories":[9],"tags":[],"_links":{"self":[{"href":"https:\/\/blogs.elnortedecastilla.es\/rafavega\/wp-json\/wp\/v2\/posts\/8402"}],"collection":[{"href":"https:\/\/blogs.elnortedecastilla.es\/rafavega\/wp-json\/wp\/v2\/posts"}],"about":[{"href":"https:\/\/blogs.elnortedecastilla.es\/rafavega\/wp-json\/wp\/v2\/types\/post"}],"author":[{"embeddable":true,"href":"https:\/\/blogs.elnortedecastilla.es\/rafavega\/wp-json\/wp\/v2\/users\/5"}],"replies":[{"embeddable":true,"href":"https:\/\/blogs.elnortedecastilla.es\/rafavega\/wp-json\/wp\/v2\/comments?post=8402"}],"version-history":[{"count":1,"href":"https:\/\/blogs.elnortedecastilla.es\/rafavega\/wp-json\/wp\/v2\/posts\/8402\/revisions"}],"predecessor-version":[{"id":8404,"href":"https:\/\/blogs.elnortedecastilla.es\/rafavega\/wp-json\/wp\/v2\/posts\/8402\/revisions\/8404"}],"wp:attachment":[{"href":"https:\/\/blogs.elnortedecastilla.es\/rafavega\/wp-json\/wp\/v2\/media?parent=8402"}],"wp:term":[{"taxonomy":"category","embeddable":true,"href":"https:\/\/blogs.elnortedecastilla.es\/rafavega\/wp-json\/wp\/v2\/categories?post=8402"},{"taxonomy":"post_tag","embeddable":true,"href":"https:\/\/blogs.elnortedecastilla.es\/rafavega\/wp-json\/wp\/v2\/tags?post=8402"}],"curies":[{"name":"wp","href":"https:\/\/api.w.org\/{rel}","templated":true}]}}