{"id":8581,"date":"2019-04-02T03:03:50","date_gmt":"2019-04-02T02:03:50","guid":{"rendered":"https:\/\/blogs.elnortedecastilla.es\/rafavega\/?p=8581"},"modified":"2019-04-01T22:27:11","modified_gmt":"2019-04-01T21:27:11","slug":"de-regreso-a-la-espana-vacia","status":"publish","type":"post","link":"https:\/\/blogs.elnortedecastilla.es\/rafavega\/de-regreso-a-la-espana-vacia\/","title":{"rendered":"De regreso a la Espa\u00f1a vac\u00eda"},"content":{"rendered":"<p>Sans\u00f3n, El Norte de Castilla, 2 de abril de 2019<\/p>\n<p>&nbsp;<\/p>\n<p><a href=\"https:\/\/static-blogs.elnortedecastilla.es\/wp-content\/uploads\/sites\/4\/2019\/04\/sanson20190402.jpg\"><img loading=\"lazy\" class=\"alignnone size-full wp-image-8582\" src=\"https:\/\/static-blogs.elnortedecastilla.es\/wp-content\/uploads\/sites\/4\/2019\/04\/sanson20190402.jpg\" alt=\"sanson20190402\" width=\"650\" height=\"278\" srcset=\"https:\/\/static-blogs.elnortedecastilla.es\/wp-content\/uploads\/sites\/4\/2019\/04\/sanson20190402.jpg 650w, https:\/\/static-blogs.elnortedecastilla.es\/wp-content\/uploads\/sites\/4\/2019\/04\/sanson20190402-300x128.jpg 300w\" sizes=\"(max-width: 650px) 100vw, 650px\" \/><\/a><\/p>\n","protected":false},"excerpt":{"rendered":"<p>Sans\u00f3n, El Norte de Castilla, 2 de abril de 2019 &nbsp;<\/p>\n","protected":false},"author":5,"featured_media":0,"comment_status":"open","ping_status":"open","sticky":false,"template":"","format":"standard","meta":[],"categories":[9],"tags":[],"_links":{"self":[{"href":"https:\/\/blogs.elnortedecastilla.es\/rafavega\/wp-json\/wp\/v2\/posts\/8581"}],"collection":[{"href":"https:\/\/blogs.elnortedecastilla.es\/rafavega\/wp-json\/wp\/v2\/posts"}],"about":[{"href":"https:\/\/blogs.elnortedecastilla.es\/rafavega\/wp-json\/wp\/v2\/types\/post"}],"author":[{"embeddable":true,"href":"https:\/\/blogs.elnortedecastilla.es\/rafavega\/wp-json\/wp\/v2\/users\/5"}],"replies":[{"embeddable":true,"href":"https:\/\/blogs.elnortedecastilla.es\/rafavega\/wp-json\/wp\/v2\/comments?post=8581"}],"version-history":[{"count":1,"href":"https:\/\/blogs.elnortedecastilla.es\/rafavega\/wp-json\/wp\/v2\/posts\/8581\/revisions"}],"predecessor-version":[{"id":8583,"href":"https:\/\/blogs.elnortedecastilla.es\/rafavega\/wp-json\/wp\/v2\/posts\/8581\/revisions\/8583"}],"wp:attachment":[{"href":"https:\/\/blogs.elnortedecastilla.es\/rafavega\/wp-json\/wp\/v2\/media?parent=8581"}],"wp:term":[{"taxonomy":"category","embeddable":true,"href":"https:\/\/blogs.elnortedecastilla.es\/rafavega\/wp-json\/wp\/v2\/categories?post=8581"},{"taxonomy":"post_tag","embeddable":true,"href":"https:\/\/blogs.elnortedecastilla.es\/rafavega\/wp-json\/wp\/v2\/tags?post=8581"}],"curies":[{"name":"wp","href":"https:\/\/api.w.org\/{rel}","templated":true}]}}