{"id":9369,"date":"2019-11-11T03:07:16","date_gmt":"2019-11-11T02:07:16","guid":{"rendered":"https:\/\/blogs.elnortedecastilla.es\/rafavega\/?p=9369"},"modified":"2019-11-10T23:59:13","modified_gmt":"2019-11-10T22:59:13","slug":"el-dia-despues-en-castilla-y-leon","status":"publish","type":"post","link":"https:\/\/blogs.elnortedecastilla.es\/rafavega\/el-dia-despues-en-castilla-y-leon\/","title":{"rendered":"El d\u00eda despu\u00e9s, en Castilla y Le\u00f3n"},"content":{"rendered":"<p>Sans\u00f3n, El Norte de Castilla, 11 de noviembre de 2019<\/p>\n<p>&nbsp;<\/p>\n<p><a href=\"https:\/\/static-blogs.elnortedecastilla.es\/wp-content\/uploads\/sites\/4\/2019\/11\/tirasanson20191111blog.jpg\"><img loading=\"lazy\" class=\"alignnone size-full wp-image-9370\" src=\"https:\/\/static-blogs.elnortedecastilla.es\/wp-content\/uploads\/sites\/4\/2019\/11\/tirasanson20191111blog.jpg\" alt=\"\" width=\"800\" height=\"202\" srcset=\"https:\/\/static-blogs.elnortedecastilla.es\/wp-content\/uploads\/sites\/4\/2019\/11\/tirasanson20191111blog.jpg 800w, https:\/\/static-blogs.elnortedecastilla.es\/wp-content\/uploads\/sites\/4\/2019\/11\/tirasanson20191111blog-300x76.jpg 300w, https:\/\/static-blogs.elnortedecastilla.es\/wp-content\/uploads\/sites\/4\/2019\/11\/tirasanson20191111blog-768x194.jpg 768w\" sizes=\"(max-width: 800px) 100vw, 800px\" \/><\/a><\/p>\n","protected":false},"excerpt":{"rendered":"<p>Sans\u00f3n, El Norte de Castilla, 11 de noviembre de 2019 &nbsp;<\/p>\n","protected":false},"author":5,"featured_media":0,"comment_status":"open","ping_status":"open","sticky":false,"template":"","format":"standard","meta":[],"categories":[15],"tags":[],"_links":{"self":[{"href":"https:\/\/blogs.elnortedecastilla.es\/rafavega\/wp-json\/wp\/v2\/posts\/9369"}],"collection":[{"href":"https:\/\/blogs.elnortedecastilla.es\/rafavega\/wp-json\/wp\/v2\/posts"}],"about":[{"href":"https:\/\/blogs.elnortedecastilla.es\/rafavega\/wp-json\/wp\/v2\/types\/post"}],"author":[{"embeddable":true,"href":"https:\/\/blogs.elnortedecastilla.es\/rafavega\/wp-json\/wp\/v2\/users\/5"}],"replies":[{"embeddable":true,"href":"https:\/\/blogs.elnortedecastilla.es\/rafavega\/wp-json\/wp\/v2\/comments?post=9369"}],"version-history":[{"count":1,"href":"https:\/\/blogs.elnortedecastilla.es\/rafavega\/wp-json\/wp\/v2\/posts\/9369\/revisions"}],"predecessor-version":[{"id":9371,"href":"https:\/\/blogs.elnortedecastilla.es\/rafavega\/wp-json\/wp\/v2\/posts\/9369\/revisions\/9371"}],"wp:attachment":[{"href":"https:\/\/blogs.elnortedecastilla.es\/rafavega\/wp-json\/wp\/v2\/media?parent=9369"}],"wp:term":[{"taxonomy":"category","embeddable":true,"href":"https:\/\/blogs.elnortedecastilla.es\/rafavega\/wp-json\/wp\/v2\/categories?post=9369"},{"taxonomy":"post_tag","embeddable":true,"href":"https:\/\/blogs.elnortedecastilla.es\/rafavega\/wp-json\/wp\/v2\/tags?post=9369"}],"curies":[{"name":"wp","href":"https:\/\/api.w.org\/{rel}","templated":true}]}}