{"id":434,"date":"2013-03-14T08:07:40","date_gmt":"2013-03-14T07:07:40","guid":{"rendered":"http:\/\/blogs.elnortedecastilla.es\/robertocarbajal\/?p=434"},"modified":"2013-03-14T08:07:40","modified_gmt":"2013-03-14T07:07:40","slug":"superlopez-y-compania","status":"publish","type":"post","link":"https:\/\/blogs.elnortedecastilla.es\/robertocarbajal\/2013\/03\/14\/superlopez-y-compania\/","title":{"rendered":"Superl\u00f3pez y compa\u00f1\u00eda"},"content":{"rendered":"<p>El capricho quiso que \u00d3scar L\u00f3pez naciese el mismo a\u00f1o que su primo del c\u00f3mic, Superl\u00f3pez, creado por Jan en 1973. El h\u00e9roe de la historieta era un remedo de Superman en versi\u00f3n hispana. Exist\u00edan similitudes en las referencias de las vi\u00f1etas espa\u00f1olas y la editora estadounidense demand\u00f3 a la de nuestro autor. A diferencia de lo sucedido con el celeb\u00e9rrimo c\u00f3mic, \u00d3scar L\u00f3pez nunca ver\u00e1 un juzgado por acusaciones tan inveros\u00edmiles como copiar el comportamiento pol\u00edtico de nadie. Su forma de entender la vida p\u00fablica es genuina. Consiste en abanderar la torpeza por vocaci\u00f3n. Es cegador que te asciendan cuando s\u00f3lo haces que encadenar errores. Nos hacemos cargo.<\/p>\n<p>Rubalcaba subi\u00f3 a L\u00f3pez al cadalso, pero no activ\u00f3 la palanca. Preguntado sobre el esc\u00e1ndalo de Ponferrada, Alfredo dijo no conocer los detalles de la operaci\u00f3n porque \u201cera un asunto que hab\u00eda llevado \u00d3scar\u201d. Tanta solidaridad conmovi\u00f3 a todo el pa\u00eds y tal vez al grandull\u00f3n de L\u00f3pez. Es comprensible que le cegase la operaci\u00f3n: perdi\u00f3 las elecciones clamorosamente y tiene el partido hecho unos zorros. Vio la oportunidad de ofrecerle a su jefe una pieza cobrada gracias a su gesti\u00f3n y no midi\u00f3, porque cuando te ciegas no mides. Imaginemos el sagaz c\u00e1lculo de L\u00f3pez: \u201cPactamos con el acosador para que se vaya y nos entregue el ayuntamiento. Nos quedamos nosotros y listo. Vendemos que lo hemos echado y enarbolamos la bandera de la defensa a ultranza de las mujeres\u201d. Hasta aqu\u00ed el c\u00e1lculo. Vayamos con el resultado: Pactas con un acosador, hundes a\u00fan m\u00e1s a la corte de Rubalcaba, se os echa la gente encima, traicionas el ideario del partido, tus concejales lo abandonan y lo descabezan en Ponferrada, y ahora el ayuntamiento est\u00e1 en manos del acosador y su gente, porque tus antiguos compa\u00f1eros los necesitan para gobernar en aquella ciudad. Cu\u00e1nta inteligencia despreciada.<\/p>\n<p>\u00d3scar L\u00f3pez debe de pensar que dimitir es un nombre ruso. No es lo mismo ser un pol\u00edtico gigante que un gigante de la pol\u00edtica. Como dicen por estas tierras, \u201cLargo, largo y para nada valgo\u201d.<\/p>\n<p><em>Publicado en El Norte de Castilla el 13 de marzo de 2013<\/em><\/p>\n","protected":false},"excerpt":{"rendered":"<p>El capricho quiso que \u00d3scar L\u00f3pez naciese el mismo a\u00f1o que su primo del c\u00f3mic, Superl\u00f3pez, creado por Jan en 1973. El h\u00e9roe de la historieta era un remedo de Superman en versi\u00f3n hispana. Exist\u00edan similitudes en las referencias de las vi\u00f1etas espa\u00f1olas y la editora estadounidense demand\u00f3 a la de nuestro autor. A diferencia [&hellip;]<\/p>\n","protected":false},"author":8,"featured_media":0,"comment_status":"open","ping_status":"closed","sticky":false,"template":"","format":"standard","meta":[],"categories":[3,8],"tags":[898,973,993,1045],"_links":{"self":[{"href":"https:\/\/blogs.elnortedecastilla.es\/robertocarbajal\/wp-json\/wp\/v2\/posts\/434"}],"collection":[{"href":"https:\/\/blogs.elnortedecastilla.es\/robertocarbajal\/wp-json\/wp\/v2\/posts"}],"about":[{"href":"https:\/\/blogs.elnortedecastilla.es\/robertocarbajal\/wp-json\/wp\/v2\/types\/post"}],"author":[{"embeddable":true,"href":"https:\/\/blogs.elnortedecastilla.es\/robertocarbajal\/wp-json\/wp\/v2\/users\/8"}],"replies":[{"embeddable":true,"href":"https:\/\/blogs.elnortedecastilla.es\/robertocarbajal\/wp-json\/wp\/v2\/comments?post=434"}],"version-history":[{"count":0,"href":"https:\/\/blogs.elnortedecastilla.es\/robertocarbajal\/wp-json\/wp\/v2\/posts\/434\/revisions"}],"wp:attachment":[{"href":"https:\/\/blogs.elnortedecastilla.es\/robertocarbajal\/wp-json\/wp\/v2\/media?parent=434"}],"wp:term":[{"taxonomy":"category","embeddable":true,"href":"https:\/\/blogs.elnortedecastilla.es\/robertocarbajal\/wp-json\/wp\/v2\/categories?post=434"},{"taxonomy":"post_tag","embeddable":true,"href":"https:\/\/blogs.elnortedecastilla.es\/robertocarbajal\/wp-json\/wp\/v2\/tags?post=434"}],"curies":[{"name":"wp","href":"https:\/\/api.w.org\/{rel}","templated":true}]}}