{"id":436,"date":"2013-03-21T08:07:21","date_gmt":"2013-03-21T07:07:21","guid":{"rendered":"http:\/\/blogs.elnortedecastilla.es\/robertocarbajal\/?p=436"},"modified":"2013-03-21T08:07:21","modified_gmt":"2013-03-21T07:07:21","slug":"una-autopsia-por-favor","status":"publish","type":"post","link":"https:\/\/blogs.elnortedecastilla.es\/robertocarbajal\/2013\/03\/21\/una-autopsia-por-favor\/","title":{"rendered":"Una autopsia, por favor"},"content":{"rendered":"<p>La gente pens\u00f3 que rodar\u00edan cabezas en el PSOE por el bochorno de Ponferrada. No rodaron y debemos estar de acuerdo: no a la violencia; pero s\u00ed a la defenestraci\u00f3n. Las reacciones tras el esc\u00e1ndalo berciano s\u00f3lo han hecho que a\u00f1adir m\u00e1s le\u00f1a al fuego. \u00d3scar L\u00f3pez expi\u00f3 su culpa pidiendo perd\u00f3n y poniendo su cargo a disposici\u00f3n del partido. Le dijeron que no aceptaban la oferta porque era un hombre muy valioso. \u00c9l y quienes debieron caer con L\u00f3pez pusieron un punto y seguido a este episodio absurdo, creyendo que yac\u00eda sumergido en cal viva.<\/p>\n<p>Rubalcaba y su \u00e1ngel de la guarda han planteado reforzar m\u00e1s a Elena Valenciano, la n\u00famero dos, y al propio L\u00f3pez, el n\u00famero sin par. Veamos si existe alguna explicaci\u00f3n a este plan. \u00bfC\u00f3mo otorgar m\u00e1s atribuciones a la n\u00famero dos sin quit\u00e1rselas al n\u00famero uno? \u00bfQui\u00e9n ten\u00eda las dichosas atribuciones que ahora se le quieren dar a la n\u00famero dos? \u00bfAcaso el n\u00famero tres se va a quedar sin ninguna atribuci\u00f3n? \u00bfLa parte contratante de la primera parte no es igual a la parte contratante de la primera, la segunda y la tercera parte? El orden de factores no altera el producto, y ese producto es malo a rabiar, porque no hay dios que lo compre. Esa es la amarga realidad.<\/p>\n<p>Fredo, el mayor de los Corleone, traicion\u00f3 a los de su propia sangre, y fue su propio hermano Michael quien se lo quit\u00f3 de en medio. \u00bfPor qu\u00e9? Todo\u2026 por el bien de la familia. En el PSOE no es necesario montar a Alfredo en una barca y sacarlo a pescar mientras reza un avemar\u00eda para que pique alg\u00fan pececillo. No es imprescindible dar pasos ilegales; es s\u00f3lo que el partido que deber\u00eda ser el contrapoder del omnipotente PP, el amo y se\u00f1or del pa\u00eds, est\u00e1 que se cae a pedazos. En Galicia ya se han puesto a la tarea de montar unas primarias. En Murcia andan en ello, y poco a poco el resto de los federados se ir\u00e1n dando cuenta de que la direcci\u00f3n est\u00e1 como tonto en v\u00edsperas. A alguien le est\u00e1n practicando la autopsia antes de haber muerto y a\u00fan no se ha enterado. Quiz\u00e1 sea porque hurgar en el cerebro no duele.<\/p>\n<p><em>Publicado en El Norte de Castilla el 20 de marzo de 2013<\/em><\/p>\n","protected":false},"excerpt":{"rendered":"<p>La gente pens\u00f3 que rodar\u00edan cabezas en el PSOE por el bochorno de Ponferrada. No rodaron y debemos estar de acuerdo: no a la violencia; pero s\u00ed a la defenestraci\u00f3n. Las reacciones tras el esc\u00e1ndalo berciano s\u00f3lo han hecho que a\u00f1adir m\u00e1s le\u00f1a al fuego. \u00d3scar L\u00f3pez expi\u00f3 su culpa pidiendo perd\u00f3n y poniendo su [&hellip;]<\/p>\n","protected":false},"author":8,"featured_media":0,"comment_status":"open","ping_status":"closed","sticky":false,"template":"","format":"standard","meta":[],"categories":[3,8],"tags":[294,390,898,973,1045],"_links":{"self":[{"href":"https:\/\/blogs.elnortedecastilla.es\/robertocarbajal\/wp-json\/wp\/v2\/posts\/436"}],"collection":[{"href":"https:\/\/blogs.elnortedecastilla.es\/robertocarbajal\/wp-json\/wp\/v2\/posts"}],"about":[{"href":"https:\/\/blogs.elnortedecastilla.es\/robertocarbajal\/wp-json\/wp\/v2\/types\/post"}],"author":[{"embeddable":true,"href":"https:\/\/blogs.elnortedecastilla.es\/robertocarbajal\/wp-json\/wp\/v2\/users\/8"}],"replies":[{"embeddable":true,"href":"https:\/\/blogs.elnortedecastilla.es\/robertocarbajal\/wp-json\/wp\/v2\/comments?post=436"}],"version-history":[{"count":0,"href":"https:\/\/blogs.elnortedecastilla.es\/robertocarbajal\/wp-json\/wp\/v2\/posts\/436\/revisions"}],"wp:attachment":[{"href":"https:\/\/blogs.elnortedecastilla.es\/robertocarbajal\/wp-json\/wp\/v2\/media?parent=436"}],"wp:term":[{"taxonomy":"category","embeddable":true,"href":"https:\/\/blogs.elnortedecastilla.es\/robertocarbajal\/wp-json\/wp\/v2\/categories?post=436"},{"taxonomy":"post_tag","embeddable":true,"href":"https:\/\/blogs.elnortedecastilla.es\/robertocarbajal\/wp-json\/wp\/v2\/tags?post=436"}],"curies":[{"name":"wp","href":"https:\/\/api.w.org\/{rel}","templated":true}]}}