{"id":438,"date":"2013-03-28T08:07:36","date_gmt":"2013-03-28T07:07:36","guid":{"rendered":"http:\/\/blogs.elnortedecastilla.es\/robertocarbajal\/?p=438"},"modified":"2013-03-28T08:07:36","modified_gmt":"2013-03-28T07:07:36","slug":"piove-porco-governo","status":"publish","type":"post","link":"https:\/\/blogs.elnortedecastilla.es\/robertocarbajal\/2013\/03\/28\/piove-porco-governo\/","title":{"rendered":"Piove, porco governo&#8230;"},"content":{"rendered":"<p>El hombre del tiempo es un aguafiestas en Semana Santa. El resto del a\u00f1o sus predicciones se acatan con un escepticismo moderado, pero durante estos d\u00edas perjudica la salud de las emociones, y la de las carteras, que tanto escuece. Hay quien se atreve a especular con que existen oscuros intereses tur\u00edsticos para favorecer a unas comunidades frente a otras. Todo es falso, ni siquiera Zapatero es responsable en esa materia, y ya le hubiera gustado. Tampoco esta conspiraci\u00f3n se urde en la agencia meteorol\u00f3gica ni se planifica en el telediario que maneja el PP. El asunto es que cuesta reconocer que el ser humano, amo y se\u00f1or del planeta, piensa que puede tomar las riendas del albedr\u00edo de las nubes. No obstante, los amantes de las intrigas podr\u00edan estar en lo cierto. Pregunt\u00e9monos si no por qu\u00e9 proliferan los \u2018cuentatiempos\u2019 nacidos en las Islas Canarias. La procedencia de esa gente puede resultar sospechosa para algunos. Los imagino muertos de la risa cuando predicen que llover\u00e1 en Andaluc\u00eda o Castilla, mientras juegan con sus isobaras cual malabarista. En esas islas africanas todas las semanas son valiosamente santas.<\/p>\n<p>Pero en toda Espa\u00f1a la procesi\u00f3n va por dentro. La econom\u00eda proyecta unas cifras tan tremebundas para este a\u00f1o que cualquier euro del turismo se ve como una tabla a la que asirse durante el naufragio. Espa\u00f1a superar\u00e1 pronto el 27% de personas sin empleo ni esperanza, y esta s\u00ed es una predicci\u00f3n temporal descorazonadora. Y en este punto nos toparemos con un clima tenso de veras, en el que los nubarrones semanasanteros se tornan en nader\u00edas. El Gobierno de Rajoy no es responsable de la fortuna climatol\u00f3gica, pero su pasividad exasperante, sin un plan, a lomos del incumplimiento de las medidas de est\u00edmulo a los emprendedores o del estrangulamiento de los desfavorecidos dibujan un panorama tremendo. Esta incompetencia s\u00ed que devendr\u00e1 en m\u00e1s l\u00e1grimas, salobres y amargas. La lluvia al menos riega los campos y adorna el paisaje. Pero este gobierno, este gobierno; este dichoso gobierno\u2026<\/p>\n<p><em>Publicado en El Norte de Castilla el 27 de marzo de 2013<\/em><\/p>\n","protected":false},"excerpt":{"rendered":"<p>El hombre del tiempo es un aguafiestas en Semana Santa. El resto del a\u00f1o sus predicciones se acatan con un escepticismo moderado, pero durante estos d\u00edas perjudica la salud de las emociones, y la de las carteras, que tanto escuece. Hay quien se atreve a especular con que existen oscuros intereses tur\u00edsticos para favorecer a [&hellip;]<\/p>\n","protected":false},"author":8,"featured_media":0,"comment_status":"open","ping_status":"closed","sticky":false,"template":"","format":"standard","meta":[],"categories":[3,8,11],"tags":[1004,1087],"_links":{"self":[{"href":"https:\/\/blogs.elnortedecastilla.es\/robertocarbajal\/wp-json\/wp\/v2\/posts\/438"}],"collection":[{"href":"https:\/\/blogs.elnortedecastilla.es\/robertocarbajal\/wp-json\/wp\/v2\/posts"}],"about":[{"href":"https:\/\/blogs.elnortedecastilla.es\/robertocarbajal\/wp-json\/wp\/v2\/types\/post"}],"author":[{"embeddable":true,"href":"https:\/\/blogs.elnortedecastilla.es\/robertocarbajal\/wp-json\/wp\/v2\/users\/8"}],"replies":[{"embeddable":true,"href":"https:\/\/blogs.elnortedecastilla.es\/robertocarbajal\/wp-json\/wp\/v2\/comments?post=438"}],"version-history":[{"count":0,"href":"https:\/\/blogs.elnortedecastilla.es\/robertocarbajal\/wp-json\/wp\/v2\/posts\/438\/revisions"}],"wp:attachment":[{"href":"https:\/\/blogs.elnortedecastilla.es\/robertocarbajal\/wp-json\/wp\/v2\/media?parent=438"}],"wp:term":[{"taxonomy":"category","embeddable":true,"href":"https:\/\/blogs.elnortedecastilla.es\/robertocarbajal\/wp-json\/wp\/v2\/categories?post=438"},{"taxonomy":"post_tag","embeddable":true,"href":"https:\/\/blogs.elnortedecastilla.es\/robertocarbajal\/wp-json\/wp\/v2\/tags?post=438"}],"curies":[{"name":"wp","href":"https:\/\/api.w.org\/{rel}","templated":true}]}}