{"id":441,"date":"2013-04-11T08:07:14","date_gmt":"2013-04-11T07:07:14","guid":{"rendered":"http:\/\/blogs.elnortedecastilla.es\/robertocarbajal\/?p=441"},"modified":"2013-04-11T08:07:14","modified_gmt":"2013-04-11T07:07:14","slug":"el-gallego-emplasmado","status":"publish","type":"post","link":"https:\/\/blogs.elnortedecastilla.es\/robertocarbajal\/2013\/04\/11\/el-gallego-emplasmado\/","title":{"rendered":"El gallego emplasmado"},"content":{"rendered":"<p>No entiendo a qu\u00e9 viene tanto inter\u00e9s por que Mariano Rajoy comparezca en carne y hueso ante los periodistas. Es leg\u00edtimo que la prensa tenga la oportunidad de preguntar al presidente sobre la actualidad y retransmitir sus respuestas de fantas\u00eda. Pero visto el da\u00f1o que hace el jefe del Gobierno a la \u2018Marca Espa\u00f1a\u2019 cuando no tiene m\u00e1s remedio que despachar ante los mortales, es casi mejor mantenerlo envasado, codificado o empantallado. De ese modo, si se queda en blanco, siempre puedes tirar del cable, como en las dictaduras. Hay asuntos que han dejado de impresionarme, y este no es la excepci\u00f3n. La cosa funciona del siguiente modo: el primer d\u00eda choca, el segundo empiezas a mosquearte; al tercero te cabreas, y la cuarta vez que lo hacen es cuando estallas. Aunque, como nadie te ampara y el editor no permite que llegues de vac\u00edo plantando al pol\u00edtico, se termina convirtiendo en algo normal.<\/p>\n<p>Habida cuenta de que el espa\u00f1ol tiene un car\u00e1cter simp\u00e1tico y bastante creativo, el reportero acomoda su enojo alumbrando chistes, chascarrillos o una concatenaci\u00f3n de comentarios crueles totalmente leg\u00edtimos hacia Mariano Rajoy y sus desafortunados voceros, que dan un juego tremendo. Una jornada en la sede del PP en Madrid arranca m\u00e1s carcajadas que los clubes de la comedia. Y se pasa mal cuando contienes la risa ante la gente que la provoca.<\/p>\n<p>Hay gente que cree en la veracidad de lo que emiten las cadenas. Discuten con cualquiera sobre algo porque lo han visto en televisi\u00f3n y ese argumento va a misa. Es discutible e incluso posible: \u00bfSer\u00e1n Mariano Rajoy y su corte una creaci\u00f3n ficticia o forman parte del censo? Lo f\u00e1cil en estos casos ser\u00eda machacar a quien pregunta esto; lanzo la cuesti\u00f3n porque hemos conocido mu\u00f1ecos de ventr\u00edlocuos con m\u00e1s cr\u00e9dito. George Orwell vaticin\u00f3 este escenario del l\u00edder emplasmado soltando diatribas en \u201c 1984\u201d , escrita hace casi setenta a\u00f1os contra el totalitarismo estalinista. Qui\u00e9n iba a decirnos que nuestro gran hermano se llamar\u00eda Mariano y que revivir\u00edamos esa distop\u00eda en 2013.<\/p>\n<p><em>Publicado en El Norte de Castilla el 10 de abril de 2013<\/em><\/p>\n","protected":false},"excerpt":{"rendered":"<p>No entiendo a qu\u00e9 viene tanto inter\u00e9s por que Mariano Rajoy comparezca en carne y hueso ante los periodistas. Es leg\u00edtimo que la prensa tenga la oportunidad de preguntar al presidente sobre la actualidad y retransmitir sus respuestas de fantas\u00eda. Pero visto el da\u00f1o que hace el jefe del Gobierno a la \u2018Marca Espa\u00f1a\u2019 cuando [&hellip;]<\/p>\n","protected":false},"author":8,"featured_media":0,"comment_status":"open","ping_status":"closed","sticky":false,"template":"","format":"standard","meta":[],"categories":[3,8,11,12],"tags":[20,505,770,779,979],"_links":{"self":[{"href":"https:\/\/blogs.elnortedecastilla.es\/robertocarbajal\/wp-json\/wp\/v2\/posts\/441"}],"collection":[{"href":"https:\/\/blogs.elnortedecastilla.es\/robertocarbajal\/wp-json\/wp\/v2\/posts"}],"about":[{"href":"https:\/\/blogs.elnortedecastilla.es\/robertocarbajal\/wp-json\/wp\/v2\/types\/post"}],"author":[{"embeddable":true,"href":"https:\/\/blogs.elnortedecastilla.es\/robertocarbajal\/wp-json\/wp\/v2\/users\/8"}],"replies":[{"embeddable":true,"href":"https:\/\/blogs.elnortedecastilla.es\/robertocarbajal\/wp-json\/wp\/v2\/comments?post=441"}],"version-history":[{"count":0,"href":"https:\/\/blogs.elnortedecastilla.es\/robertocarbajal\/wp-json\/wp\/v2\/posts\/441\/revisions"}],"wp:attachment":[{"href":"https:\/\/blogs.elnortedecastilla.es\/robertocarbajal\/wp-json\/wp\/v2\/media?parent=441"}],"wp:term":[{"taxonomy":"category","embeddable":true,"href":"https:\/\/blogs.elnortedecastilla.es\/robertocarbajal\/wp-json\/wp\/v2\/categories?post=441"},{"taxonomy":"post_tag","embeddable":true,"href":"https:\/\/blogs.elnortedecastilla.es\/robertocarbajal\/wp-json\/wp\/v2\/tags?post=441"}],"curies":[{"name":"wp","href":"https:\/\/api.w.org\/{rel}","templated":true}]}}