{"id":443,"date":"2013-04-18T08:07:29","date_gmt":"2013-04-18T07:07:29","guid":{"rendered":"http:\/\/blogs.elnortedecastilla.es\/robertocarbajal\/?p=443"},"modified":"2013-04-18T08:07:29","modified_gmt":"2013-04-18T07:07:29","slug":"tres-de-tres","status":"publish","type":"post","link":"https:\/\/blogs.elnortedecastilla.es\/robertocarbajal\/2013\/04\/18\/tres-de-tres\/","title":{"rendered":"Tres de tres"},"content":{"rendered":"<p>Justo el d\u00eda en que Israel iniciaba la conmemoraci\u00f3n de los sesenta y cinco a\u00f1os de su existencia, Dolores de Cospedal le rend\u00eda un homenaje con su estilo. S\u00ed, la secretaria general del PP est\u00e1 atenta, aunque su fuerte no sea precisamente el uso de las palabras ni el manejo de los conceptos. Para ser abogado del Estado hay que hincar los codos y tener un memori\u00f3n; otra cosa es que lo aprendido sirva para razonar y que la inteligencia venga de serie. A Dolores no le ha ido mal; es solo que est\u00e1 algo confusa. Con pose de cantautora tabernaria pija, Cospedal asegur\u00f3 el domingo que los actos de las plataformas contra los desahucios practican el nazismo. Es decir: marcan las casas con una estrella, roban sus pertenencias a los inquilinos y requisan sus viviendas; se llevan a golpes a toda la familia a un gueto, experimentan con sus cuerpos y, finalmente, los gasean y queman en un campo de exterminio. Vaya, c\u00f3mo son los defensores de los desahuciados.<\/p>\n<p>Ana Botella no es un ser brillante; que pregunten a Le\u00f3n de la Riva, que la conoce a fondo. No es capaz de pensar por s\u00ed misma sin su esposo, que tampoco es un genio. Eso s\u00ed: a la hora de dar golpes de efecto, la pareja Aznar-Botella no tiene parang\u00f3n. El ayuntamiento de la primera va a dedicar a Margaret Thatcher una calle de Madrid. Alegan que por su europe\u00edsmo, una excusa que no hace m\u00e1s que empeorar las cosas, porque la Dama de Hierro y su partido han defendido siempre todo lo contrario. Tampoco es relevante el hecho de que los brit\u00e1nicos se r\u00edan ante nuestras narices desde Gibraltar, hostigando a nuestros pescadores, a la Guardia Civil o mancillando la dignidad de Espa\u00f1a. Aunque, bien pensado, no es mala idea: los argentinos que viven en la capital espa\u00f1ola enmudecer\u00e1n cuando vean la placa de quien les masacr\u00f3 en las Malvinas.<\/p>\n<p>El cardenal Rouco recrimina encendido a Mariano Rajoy que incumpla su programa electoral. No es que se refiera a lo esencial, no; \u00e9l habla del aborto, la educaci\u00f3n religiosa en las escuelas y de sus cosillas. Que se ponga a la cola.<\/p>\n<p><em>Publicado en El Norte de Castilla el 17 de abril de 2013<\/em><\/p>\n","protected":false},"excerpt":{"rendered":"<p>Justo el d\u00eda en que Israel iniciaba la conmemoraci\u00f3n de los sesenta y cinco a\u00f1os de su existencia, Dolores de Cospedal le rend\u00eda un homenaje con su estilo. S\u00ed, la secretaria general del PP est\u00e1 atenta, aunque su fuerte no sea precisamente el uso de las palabras ni el manejo de los conceptos. Para ser [&hellip;]<\/p>\n","protected":false},"author":8,"featured_media":0,"comment_status":"open","ping_status":"closed","sticky":false,"template":"","format":"standard","meta":[],"categories":[3,8],"tags":[69,123,313,352,506,529,724,774,861,1004,1041],"_links":{"self":[{"href":"https:\/\/blogs.elnortedecastilla.es\/robertocarbajal\/wp-json\/wp\/v2\/posts\/443"}],"collection":[{"href":"https:\/\/blogs.elnortedecastilla.es\/robertocarbajal\/wp-json\/wp\/v2\/posts"}],"about":[{"href":"https:\/\/blogs.elnortedecastilla.es\/robertocarbajal\/wp-json\/wp\/v2\/types\/post"}],"author":[{"embeddable":true,"href":"https:\/\/blogs.elnortedecastilla.es\/robertocarbajal\/wp-json\/wp\/v2\/users\/8"}],"replies":[{"embeddable":true,"href":"https:\/\/blogs.elnortedecastilla.es\/robertocarbajal\/wp-json\/wp\/v2\/comments?post=443"}],"version-history":[{"count":0,"href":"https:\/\/blogs.elnortedecastilla.es\/robertocarbajal\/wp-json\/wp\/v2\/posts\/443\/revisions"}],"wp:attachment":[{"href":"https:\/\/blogs.elnortedecastilla.es\/robertocarbajal\/wp-json\/wp\/v2\/media?parent=443"}],"wp:term":[{"taxonomy":"category","embeddable":true,"href":"https:\/\/blogs.elnortedecastilla.es\/robertocarbajal\/wp-json\/wp\/v2\/categories?post=443"},{"taxonomy":"post_tag","embeddable":true,"href":"https:\/\/blogs.elnortedecastilla.es\/robertocarbajal\/wp-json\/wp\/v2\/tags?post=443"}],"curies":[{"name":"wp","href":"https:\/\/api.w.org\/{rel}","templated":true}]}}