{"id":445,"date":"2013-04-25T08:07:11","date_gmt":"2013-04-25T07:07:11","guid":{"rendered":"http:\/\/blogs.elnortedecastilla.es\/robertocarbajal\/?p=445"},"modified":"2013-04-25T08:07:11","modified_gmt":"2013-04-25T07:07:11","slug":"policias-y-traidores","status":"publish","type":"post","link":"https:\/\/blogs.elnortedecastilla.es\/robertocarbajal\/2013\/04\/25\/policias-y-traidores\/","title":{"rendered":"Polic\u00edas y traidores"},"content":{"rendered":"<p>La gente debe de pensar que atrapar a un comando terrorista es pescar en un barril de peces. Un polic\u00eda se planta ante un sospechoso fingiendo ser vendedor de biblias. Le pregunta si le interesa una y, de paso, trata de hacerle confesar que es terrorista. Si pica, eso es todo. Incluso en Espa\u00f1a, las cosas no funcionan de ese modo. Se requiere de paciencia, mucha paciencia; inteligencia, sacrificio, mechar de buenos el coraz\u00f3n de los malos y rezar por que no te descubran. Una vez logrado lo anterior, el ciclo se repite. Hasta que llega el idiota de turno y lo echa todo a perder. Ese idiota suele ser casi siempre un pol\u00edtico oportunista a quien su inter\u00e9s le lleva por la senda equivocada. Como no tiene escr\u00fapulos, le entran las prisas por tirar la ca\u00f1a en las alcantarillas del Estado. Le importa un bledo poner el ventilador en marcha, porque es un ventajista sin conciencia. As\u00ed es la pol\u00edtica: una tienda de los chinos.<\/p>\n<p>Pero todo tiene un l\u00edmite. Confundiendo el culo con las t\u00e9mporas, la Fiscal\u00eda pide encarcelar a dos de los art\u00edfices del \u00e9xito antiterrorista. Hablamos del \u2018caso Fais\u00e1n\u2019. Se dio un chivatazo t\u00e1ctico y los oportunistas lo vieron como una ocasi\u00f3n para atacar a Rubalcaba, el entonces amo de Interior. Para dar con el pez grande debes darle cuerda al pez chico. Eso es lo que sucedi\u00f3 en este caso. Exist\u00eda una cadena de funcionarios infiltrados en ETA, otros haciendo de camareros, limpiando las calles o vendiendo peri\u00f3dicos. Los Servicios ten\u00edan monitorizado todo lo que se mov\u00eda en el bar y era el cordel que conduc\u00eda hacia los cimientos de la banda. Pues no: el tonto interesado se fija en el dedo cuando se\u00f1alas la Luna. Y la estulticia procesar\u00e1 al jefe policial Enrique Pami\u00e9s y al inspector Jos\u00e9 Mar\u00eda Ballesteros, art\u00edfices del desmoronamiento de la organizaci\u00f3n, acusados de revelaci\u00f3n de secretos y colaboraci\u00f3n con banda armada. La Polic\u00eda est\u00e1 desmoralizada. Si lo que se buscaba era la cabeza de P\u00e9rez Rubalcaba, a buenas horas. El cerebro y su envoltorio ruedan colina abajo desde el a\u00f1o pasado.<\/p>\n<p><em>Publicado en El Norte de Castilla el 24 de abril de 2013<\/em><\/p>\n","protected":false},"excerpt":{"rendered":"<p>La gente debe de pensar que atrapar a un comando terrorista es pescar en un barril de peces. Un polic\u00eda se planta ante un sospechoso fingiendo ser vendedor de biblias. Le pregunta si le interesa una y, de paso, trata de hacerle confesar que es terrorista. Si pica, eso es todo. Incluso en Espa\u00f1a, las [&hellip;]<\/p>\n","protected":false},"author":8,"featured_media":0,"comment_status":"open","ping_status":"closed","sticky":false,"template":"","format":"standard","meta":[],"categories":[3,8],"tags":[13,397,420,656,1045],"_links":{"self":[{"href":"https:\/\/blogs.elnortedecastilla.es\/robertocarbajal\/wp-json\/wp\/v2\/posts\/445"}],"collection":[{"href":"https:\/\/blogs.elnortedecastilla.es\/robertocarbajal\/wp-json\/wp\/v2\/posts"}],"about":[{"href":"https:\/\/blogs.elnortedecastilla.es\/robertocarbajal\/wp-json\/wp\/v2\/types\/post"}],"author":[{"embeddable":true,"href":"https:\/\/blogs.elnortedecastilla.es\/robertocarbajal\/wp-json\/wp\/v2\/users\/8"}],"replies":[{"embeddable":true,"href":"https:\/\/blogs.elnortedecastilla.es\/robertocarbajal\/wp-json\/wp\/v2\/comments?post=445"}],"version-history":[{"count":0,"href":"https:\/\/blogs.elnortedecastilla.es\/robertocarbajal\/wp-json\/wp\/v2\/posts\/445\/revisions"}],"wp:attachment":[{"href":"https:\/\/blogs.elnortedecastilla.es\/robertocarbajal\/wp-json\/wp\/v2\/media?parent=445"}],"wp:term":[{"taxonomy":"category","embeddable":true,"href":"https:\/\/blogs.elnortedecastilla.es\/robertocarbajal\/wp-json\/wp\/v2\/categories?post=445"},{"taxonomy":"post_tag","embeddable":true,"href":"https:\/\/blogs.elnortedecastilla.es\/robertocarbajal\/wp-json\/wp\/v2\/tags?post=445"}],"curies":[{"name":"wp","href":"https:\/\/api.w.org\/{rel}","templated":true}]}}