{"id":461,"date":"2013-06-13T08:07:33","date_gmt":"2013-06-13T07:07:33","guid":{"rendered":"http:\/\/blogs.elnortedecastilla.es\/robertocarbajal\/?p=461"},"modified":"2013-06-13T08:07:33","modified_gmt":"2013-06-13T07:07:33","slug":"orquesta-fija-discontinua","status":"publish","type":"post","link":"https:\/\/blogs.elnortedecastilla.es\/robertocarbajal\/2013\/06\/13\/orquesta-fija-discontinua\/","title":{"rendered":"\u00bfOrquesta fija-discontinua?"},"content":{"rendered":"<p>Hemos localizado a un idiota que se encontraba deambulando por ah\u00ed solo. A alguien del Consejo de RTVE no se le ha ocurrido nada mejor para ahorrar costes que modificar el estatus de su orquesta y coro. Pretenden que pasen a ser personal fijo-discontinuo en vez de fijos.<\/p>\n<p>Hay quien busca desguazar esta televisi\u00f3n p\u00fablica cuando deje de serle \u00fatil. Primero, manipulan la informaci\u00f3n; a la vez, censuran la libertad de los periodistas; luego, montan una farsa de entrevista entre el Rey y un lameculos insoportable. Ahora le ha tocado el turno a los m\u00fasicos y cantantes de la Sinf\u00f3nica, que se labraron una buena reputaci\u00f3n durante d\u00e9cadas y que el domingo dieron un concierto en la plaza de Oriente gratis, donde el p\u00fablico se congreg\u00f3 para apoyarlos. Los jefes del Ente pretenden que instrumentistas y cantantes acepten un contrato de octubre a mayo solamente, ensartado en lo que se califica como \u2018periodo de temporada\u2019. Por tanto, cobrar\u00edan tan solo las n\u00f3minas de esos meses. Este tipo de cosas no las puedes contar fuera de aqu\u00ed, porque de todos es sabido que Espa\u00f1a va mal y no necesitamos que se r\u00edan a\u00fan m\u00e1s de nuestro pa\u00eds.<\/p>\n<p>No hay que ser experto para saber que un m\u00fasico debe ensayar mucho todos los d\u00edas si quiere gobernar el instrumento y no a la inversa. Si esa tarea entra\u00f1a dificultad por s\u00ed misma, imaginen lograr que m\u00e1s de cien personas suenen como una sola. No hay manera de lograrlo sin un buen director y, claro, sin reunirse regularmente durante todo el a\u00f1o, no un rato para hablar del tiempo. En RTVE deben de pensar que este asunto es como la selecci\u00f3n espa\u00f1ola de f\u00fatbol. Basta con que se vean unos d\u00edas y listo. Pero se les escapa un detalle: juegan en sus equipos toda la temporada. Esto no es aplicable a una orquesta, entre otras razones porque ninguno de los maestros de la Sinf\u00f3nica de RTVE toca en otra y luego se unen para disputar un mundial de m\u00fasica. Con permiso de Rafael de Le\u00f3n y su \u2018Tatuaje\u2019: Los torpes a un barco \/ de nombre extranjero \/ que navegue al pairo \/ hasta que lo hunda Dios.<\/p>\n<p><em>Publicado en El Norte de Castilla el 12 de junio de 2013<\/em><\/p>\n","protected":false},"excerpt":{"rendered":"<p>Hemos localizado a un idiota que se encontraba deambulando por ah\u00ed solo. A alguien del Consejo de RTVE no se le ha ocurrido nada mejor para ahorrar costes que modificar el estatus de su orquesta y coro. Pretenden que pasen a ser personal fijo-discontinuo en vez de fijos. Hay quien busca desguazar esta televisi\u00f3n p\u00fablica [&hellip;]<\/p>\n","protected":false},"author":8,"featured_media":0,"comment_status":"open","ping_status":"open","sticky":false,"template":"","format":"standard","meta":[],"categories":[2,3,8],"tags":[894,1044],"_links":{"self":[{"href":"https:\/\/blogs.elnortedecastilla.es\/robertocarbajal\/wp-json\/wp\/v2\/posts\/461"}],"collection":[{"href":"https:\/\/blogs.elnortedecastilla.es\/robertocarbajal\/wp-json\/wp\/v2\/posts"}],"about":[{"href":"https:\/\/blogs.elnortedecastilla.es\/robertocarbajal\/wp-json\/wp\/v2\/types\/post"}],"author":[{"embeddable":true,"href":"https:\/\/blogs.elnortedecastilla.es\/robertocarbajal\/wp-json\/wp\/v2\/users\/8"}],"replies":[{"embeddable":true,"href":"https:\/\/blogs.elnortedecastilla.es\/robertocarbajal\/wp-json\/wp\/v2\/comments?post=461"}],"version-history":[{"count":0,"href":"https:\/\/blogs.elnortedecastilla.es\/robertocarbajal\/wp-json\/wp\/v2\/posts\/461\/revisions"}],"wp:attachment":[{"href":"https:\/\/blogs.elnortedecastilla.es\/robertocarbajal\/wp-json\/wp\/v2\/media?parent=461"}],"wp:term":[{"taxonomy":"category","embeddable":true,"href":"https:\/\/blogs.elnortedecastilla.es\/robertocarbajal\/wp-json\/wp\/v2\/categories?post=461"},{"taxonomy":"post_tag","embeddable":true,"href":"https:\/\/blogs.elnortedecastilla.es\/robertocarbajal\/wp-json\/wp\/v2\/tags?post=461"}],"curies":[{"name":"wp","href":"https:\/\/api.w.org\/{rel}","templated":true}]}}