{"id":465,"date":"2013-06-27T08:07:05","date_gmt":"2013-06-27T07:07:05","guid":{"rendered":"http:\/\/blogs.elnortedecastilla.es\/robertocarbajal\/?p=465"},"modified":"2013-06-27T08:07:05","modified_gmt":"2013-06-27T07:07:05","slug":"causa-general","status":"publish","type":"post","link":"https:\/\/blogs.elnortedecastilla.es\/robertocarbajal\/2013\/06\/27\/causa-general\/","title":{"rendered":"\u00bfCausa general?"},"content":{"rendered":"<p>Se respira mejor cuando alguien ventila la casa. Arantza Quiroga, la nueva l\u00edder del PP vasco, se plant\u00f3 en una conferencia con el presidente Rajoy a su derecha y otros miembros del coro enfrente. Confes\u00f3 literalmente estar asqueada por el asunto de B\u00e1rcenas y aleda\u00f1os, e insisti\u00f3 en que le resulta vomitivo este culebr\u00f3n. Dijo hablar en nombre de la militancia y de pol\u00edticos que, como ella, acud\u00edan a los plenos municipales en Euskadi con temblor de piernas, escoltados en los d\u00edas de plomo. No le falta raz\u00f3n a esta mujer valiente. Imaginen salir de casa sin saber a qu\u00e9 hora tu coche podr\u00eda saltar por los aires con toda la familia dentro.<\/p>\n<p>A la vez que los heroicos concejales \u2018espa\u00f1olistas\u2019 defend\u00edan las ideas con coraje, B\u00e1rcenas y compa\u00f1\u00eda comenzaban a hacerse millonarios. A \u2018el Cabr\u00f3n\u2019 s\u00f3lo le temblaban las piernas al esquiar, y apuntaba con una de las armas m\u00e1s poderosas que existen: la palabra. La pluma de este sinverg\u00fcenza confeso no trazaba textos l\u00edricos, sino que m\u00e1s bien eran odas a la alegr\u00eda, a la bacanal con la que atiborraban de billetes la panza de una m\u00e1quina bestial. El capricho tiene estas cosas: mientras le volaban la cabeza a un pobre hombre en Guip\u00fazcoa, B\u00e1rcenas guardaba otro mill\u00f3n m\u00e1s en el para\u00edso.<\/p>\n<p>Pero lo que de verdad pidi\u00f3 el lunes Arantza Quiroga no es s\u00f3lo que L.B. sea emplumado. Rajoy escuchaba el discurso sin saber d\u00f3nde meterse, porque la direcci\u00f3n teme que salte por los aires hasta el apuntador. Emerge una generaci\u00f3n de j\u00f3venes pol\u00edticos que claman por otra forma de gestionar la vida p\u00fablica y Quiroga es un ejemplo m\u00e1s. Mientras, nuestro sin par Carlos Floriano, el monosabio de Cospedal, acusa a todo el mundo de que existe una \u2018causa general contra el PP\u2019 y pedir\u00e1 que todos se envuelvan con la bandera de la gaviota. No hay que buscar fantasmas fuera, pues en realidad los tienes en tu propio castillo. Entre las payasadas ilustradas de Montoro y los mon\u00f3logos de Floriano, Rajoy tiene cubierta la animaci\u00f3n en este gran hotel que es Espa\u00f1a. Hasta que llegue octubre.<\/p>\n<p><em>Publicado en El Norte de Castilla el 26 de junio de 2013<\/em><\/p>\n","protected":false},"excerpt":{"rendered":"<p>Se respira mejor cuando alguien ventila la casa. Arantza Quiroga, la nueva l\u00edder del PP vasco, se plant\u00f3 en una conferencia con el presidente Rajoy a su derecha y otros miembros del coro enfrente. Confes\u00f3 literalmente estar asqueada por el asunto de B\u00e1rcenas y aleda\u00f1os, e insisti\u00f3 en que le resulta vomitivo este culebr\u00f3n. Dijo [&hellip;]<\/p>\n","protected":false},"author":8,"featured_media":0,"comment_status":"open","ping_status":"open","sticky":false,"template":"","format":"standard","meta":[],"categories":[3,8],"tags":[90,133],"_links":{"self":[{"href":"https:\/\/blogs.elnortedecastilla.es\/robertocarbajal\/wp-json\/wp\/v2\/posts\/465"}],"collection":[{"href":"https:\/\/blogs.elnortedecastilla.es\/robertocarbajal\/wp-json\/wp\/v2\/posts"}],"about":[{"href":"https:\/\/blogs.elnortedecastilla.es\/robertocarbajal\/wp-json\/wp\/v2\/types\/post"}],"author":[{"embeddable":true,"href":"https:\/\/blogs.elnortedecastilla.es\/robertocarbajal\/wp-json\/wp\/v2\/users\/8"}],"replies":[{"embeddable":true,"href":"https:\/\/blogs.elnortedecastilla.es\/robertocarbajal\/wp-json\/wp\/v2\/comments?post=465"}],"version-history":[{"count":0,"href":"https:\/\/blogs.elnortedecastilla.es\/robertocarbajal\/wp-json\/wp\/v2\/posts\/465\/revisions"}],"wp:attachment":[{"href":"https:\/\/blogs.elnortedecastilla.es\/robertocarbajal\/wp-json\/wp\/v2\/media?parent=465"}],"wp:term":[{"taxonomy":"category","embeddable":true,"href":"https:\/\/blogs.elnortedecastilla.es\/robertocarbajal\/wp-json\/wp\/v2\/categories?post=465"},{"taxonomy":"post_tag","embeddable":true,"href":"https:\/\/blogs.elnortedecastilla.es\/robertocarbajal\/wp-json\/wp\/v2\/tags?post=465"}],"curies":[{"name":"wp","href":"https:\/\/api.w.org\/{rel}","templated":true}]}}