{"id":467,"date":"2013-06-28T08:07:40","date_gmt":"2013-06-28T07:07:40","guid":{"rendered":"http:\/\/blogs.elnortedecastilla.es\/robertocarbajal\/?p=467"},"modified":"2013-06-28T08:07:40","modified_gmt":"2013-06-28T07:07:40","slug":"besame-tonto","status":"publish","type":"post","link":"https:\/\/blogs.elnortedecastilla.es\/robertocarbajal\/2013\/06\/28\/besame-tonto\/","title":{"rendered":"B\u00e9same, tonto"},"content":{"rendered":"<p>A veces merece la pena sacrificar la siesta. Un debate pol\u00edtico en verano no parece ser acreedor de tal concesi\u00f3n. Lejos de ser pl\u00fambea, la rendici\u00f3n de cuentas del presidente Herrera y sus anhelos de bienestar para Castilla y Le\u00f3n estuvieron salpicados de humildad y prop\u00f3sito de enmienda. Otra cosa es que se sustancie s\u00f3lo con su voluntad sin el concurso de todos los activos sociales. Herrera desgran\u00f3 un plan integral en el que blandi\u00f3 la espada contra el desempleo, un 22,7%. El mandatario desmenuz\u00f3 la estrategia que se debe aplicar a cada uno de los cap\u00edtulos esenciales. En un gesto que le honra, reconoci\u00f3 haber quebrantado el programa electoral con el que fue investido, achac\u00e1ndolo a las circunstancias que aquejan al conjunto del pa\u00eds. El presidente sac\u00f3 pecho en aspectos clave, como el hecho de que la comunidad es una de las pocas que ha cumplido con el objetivo del d\u00e9ficit dictado por quienes ustedes ya saben. Comparti\u00f3 con amargura la desaz\u00f3n que le provoca la falta de recursos, el recorte en servicios esenciales o el drama minero, si bien advirti\u00f3 estar buscando f\u00f3rmulas para que se mitiguen, y exalt\u00f3 el grado de excelencia de nuestros sistemas educativo y sanitario. Se comprometi\u00f3 a escudri\u00f1ar en los flecos de la partida sanitaria para reabrir las urgencias nocturnas de los diecisiete centros que han perdido ese servicio en el medio rural y espera que la PAC revisada sea benevolente con la regi\u00f3n. Sum\u00e1ndose al clamor contra el ministro Wert, cree justo que quien logre un cinco tenga derecho a la beca (ahora esa concesi\u00f3n est\u00e1 en un 5,5), y propondr\u00e1 la reducci\u00f3n del IVA cultural al 10%, aunque aval\u00f3 el resto del dictado de ese sabelotodo.<\/p>\n<p>Herrera cree firmemente en la innovaci\u00f3n y aguarda a la directriz que ponga en marcha Mariano Rajoy para poder aplicarla. Sus palabras fueron un dechado de voluntarismo pol\u00edtico, antagonista del propugnado por Schopenhauer. Le duelen a Herrera los pueblos y cree en el campo como un espacio de futuro. Recuerdo que un grupo de agricultores me contaron su visita a una explotaci\u00f3n en los Estados Unidos. Se quedaron estupefactos por que el agricultor recogiera el ma\u00edz, lo procesara y envasara para convertirlo en palomitas, cargadas en sus propios camiones para ser distribuidas. Estas cosas no las veo factibles en esta tierra.<\/p>\n<p>\u00d3scar L\u00f3pez habl\u00f3, suelto, pero algo servil. Se mostr\u00f3 de acuerdo con las propuestas presidenciales. Esto gusta, aunque me temo que no a sus votantes. Su comparecencia fue constructiva y c\u00f3mplice con el l\u00edder popular; para enmendar la totalidad estaban pertrechados en el Grupo Mixto Jos\u00e9 Mar\u00eda Gonz\u00e1lez y Alejandro Valderas, quien se enzarz\u00f3 en d\u00faplicas a lo loco.<\/p>\n<p>Eso s\u00ed, al final se ech\u00f3 en falta un beso de tornillo entre Herrera y L\u00f3pez. Todo hay que decirlo.<\/p>\n<p><em>Publicado en El Norte de Castilla el 27 de junio de 2013<\/em><\/p>\n<p>&nbsp;<\/p>\n","protected":false},"excerpt":{"rendered":"<p>A veces merece la pena sacrificar la siesta. Un debate pol\u00edtico en verano no parece ser acreedor de tal concesi\u00f3n. Lejos de ser pl\u00fambea, la rendici\u00f3n de cuentas del presidente Herrera y sus anhelos de bienestar para Castilla y Le\u00f3n estuvieron salpicados de humildad y prop\u00f3sito de enmienda. Otra cosa es que se sustancie s\u00f3lo [&hellip;]<\/p>\n","protected":false},"author":8,"featured_media":0,"comment_status":"open","ping_status":"open","sticky":false,"template":"","format":"standard","meta":[],"categories":[3,8],"tags":[],"_links":{"self":[{"href":"https:\/\/blogs.elnortedecastilla.es\/robertocarbajal\/wp-json\/wp\/v2\/posts\/467"}],"collection":[{"href":"https:\/\/blogs.elnortedecastilla.es\/robertocarbajal\/wp-json\/wp\/v2\/posts"}],"about":[{"href":"https:\/\/blogs.elnortedecastilla.es\/robertocarbajal\/wp-json\/wp\/v2\/types\/post"}],"author":[{"embeddable":true,"href":"https:\/\/blogs.elnortedecastilla.es\/robertocarbajal\/wp-json\/wp\/v2\/users\/8"}],"replies":[{"embeddable":true,"href":"https:\/\/blogs.elnortedecastilla.es\/robertocarbajal\/wp-json\/wp\/v2\/comments?post=467"}],"version-history":[{"count":0,"href":"https:\/\/blogs.elnortedecastilla.es\/robertocarbajal\/wp-json\/wp\/v2\/posts\/467\/revisions"}],"wp:attachment":[{"href":"https:\/\/blogs.elnortedecastilla.es\/robertocarbajal\/wp-json\/wp\/v2\/media?parent=467"}],"wp:term":[{"taxonomy":"category","embeddable":true,"href":"https:\/\/blogs.elnortedecastilla.es\/robertocarbajal\/wp-json\/wp\/v2\/categories?post=467"},{"taxonomy":"post_tag","embeddable":true,"href":"https:\/\/blogs.elnortedecastilla.es\/robertocarbajal\/wp-json\/wp\/v2\/tags?post=467"}],"curies":[{"name":"wp","href":"https:\/\/api.w.org\/{rel}","templated":true}]}}