{"id":473,"date":"2013-09-11T20:01:58","date_gmt":"2013-09-11T19:01:58","guid":{"rendered":"http:\/\/blogs.elnortedecastilla.es\/robertocarbajal\/?p=473"},"modified":"2013-09-11T20:01:58","modified_gmt":"2013-09-11T19:01:58","slug":"totum-revolutum","status":"publish","type":"post","link":"https:\/\/blogs.elnortedecastilla.es\/robertocarbajal\/2013\/09\/11\/totum-revolutum\/","title":{"rendered":"T\u00f3tum revol\u00fatum"},"content":{"rendered":"<p>Ayer conocimos que el mes de agosto ha registrado 99.069 afiliaciones menos a la Seguridad Social, es decir, que todas esas personas viven del aire, sumadas a los m\u00e1s de seis millones de parados. El pasado agosto treinta y una personas dejaron de estar en las listas del INEM. \u00bfSon estas cifras tan fant\u00e1sticas como las que vaticinaba Cospedal el lunes, inmiscuy\u00e9ndose en la instituci\u00f3n que debe facilit\u00e1rselas al Gobierno? Pero la cocina estad\u00edstica s\u00f3lo ha hecho que prender. El pr\u00f3ximo a\u00f1o y medio el desempleo aumentar\u00e1 en nuestro pa\u00eds por la sencilla raz\u00f3n de que el consumo interno continuar\u00e1 desplom\u00e1ndose. Pero Rajoy y los suyos perge\u00f1an un ardid para maquillar el aspecto demacrado de la crueldad econ\u00f3mica. Pronto se pondr\u00e1n en marcha los \u2018minijobs\u2019, trabajillos que tapan agujeros y someten a la semiesclavitud a la gente. As\u00ed, una persona que est\u00e9 dada de alta en la SS (con perd\u00f3n) con un contrato de dos horas desaparecer\u00e1 de<br \/>\nlas estad\u00edsticas oficiales. Esa precariedad no aportar\u00e1 dignidad al ciudadano que mendiga por salvar a su familia, pero sirve para que hasta 2015, a\u00f1o electoral, el Partido Popular pretenda hacer creer a los espa\u00f1oles que vamos como el transbordador espacial. Espa\u00f1a se desangra y abundan los torpes.<br \/>\n\u00a0<br \/>\nEl Gobierno ha privatizado el viento y el Sol, el astro rey tras B\u00e1rcenas y el petr\u00f3leo. Quienes ten\u00edan placas o aerogeneradores alentados por el compromiso medioambiental y el ahorro han recibido un palo en la frente. La Administraci\u00f3n ha modificado la ley energ\u00e9tica para reducir el multimillonario d\u00e9ficit de tarifa y saldar deudas con las el\u00e9ctricas. Esto acarrear\u00e1 multas al inocente que confi\u00f3 en las energ\u00edas limpias si las usan y ha soliviantado a los inversores extranjeros, que demandar\u00e1n al Gobierno por cambiar las reglas en pleno juego. Respirar consume ox\u00edgeno y emite gases contaminantes; por eso no hay que descartar un nuevo impuesto. Pensar desgasta y, a la vista de todo lo anterior, este invierno la luz provendr\u00e1 del parto y los antidisturbios proveer\u00e1n la calefacci\u00f3n.\u00a0<br \/>\n\u00a0<br \/>\n<em>Publicado en El Norte de Castilla el 4 de septiembre de 2013<\/em><\/p>\n","protected":false},"excerpt":{"rendered":"<p>Ayer conocimos que el mes de agosto ha registrado 99.069 afiliaciones menos a la Seguridad Social, es decir, que todas esas personas viven del aire, sumadas a los m\u00e1s de seis millones de parados. El pasado agosto treinta y una personas dejaron de estar en las listas del INEM. \u00bfSon estas cifras tan fant\u00e1sticas como [&hellip;]<\/p>\n","protected":false},"author":8,"featured_media":0,"comment_status":"open","ping_status":"open","sticky":false,"template":"","format":"standard","meta":[],"categories":[3],"tags":[],"_links":{"self":[{"href":"https:\/\/blogs.elnortedecastilla.es\/robertocarbajal\/wp-json\/wp\/v2\/posts\/473"}],"collection":[{"href":"https:\/\/blogs.elnortedecastilla.es\/robertocarbajal\/wp-json\/wp\/v2\/posts"}],"about":[{"href":"https:\/\/blogs.elnortedecastilla.es\/robertocarbajal\/wp-json\/wp\/v2\/types\/post"}],"author":[{"embeddable":true,"href":"https:\/\/blogs.elnortedecastilla.es\/robertocarbajal\/wp-json\/wp\/v2\/users\/8"}],"replies":[{"embeddable":true,"href":"https:\/\/blogs.elnortedecastilla.es\/robertocarbajal\/wp-json\/wp\/v2\/comments?post=473"}],"version-history":[{"count":0,"href":"https:\/\/blogs.elnortedecastilla.es\/robertocarbajal\/wp-json\/wp\/v2\/posts\/473\/revisions"}],"wp:attachment":[{"href":"https:\/\/blogs.elnortedecastilla.es\/robertocarbajal\/wp-json\/wp\/v2\/media?parent=473"}],"wp:term":[{"taxonomy":"category","embeddable":true,"href":"https:\/\/blogs.elnortedecastilla.es\/robertocarbajal\/wp-json\/wp\/v2\/categories?post=473"},{"taxonomy":"post_tag","embeddable":true,"href":"https:\/\/blogs.elnortedecastilla.es\/robertocarbajal\/wp-json\/wp\/v2\/tags?post=473"}],"curies":[{"name":"wp","href":"https:\/\/api.w.org\/{rel}","templated":true}]}}