{"id":475,"date":"2013-09-19T08:07:49","date_gmt":"2013-09-19T07:07:49","guid":{"rendered":"http:\/\/blogs.elnortedecastilla.es\/robertocarbajal\/?p=475"},"modified":"2013-09-19T08:07:49","modified_gmt":"2013-09-19T07:07:49","slug":"educacion-gratuita","status":"publish","type":"post","link":"https:\/\/blogs.elnortedecastilla.es\/robertocarbajal\/2013\/09\/19\/educacion-gratuita\/","title":{"rendered":"\u00bfEducaci\u00f3n gratuita?"},"content":{"rendered":"<p>Hace tiempo que una parte sustancial de la Constituci\u00f3n salt\u00f3 por los aires. Por eso resulta estridente que ahora se la invoque como parapeto para evitar consultas secesionistas. Pero regresemos a la cruda realidad, esa que quienes ocupan los despachos soslayan con una frivolidad provocadora.<\/p>\n<p>La cantinela de cumplir y hacer cumplir la Carta Magna parece m\u00e1s bien el tratado de contrapunto de un par de borrachos regresando a casa. En el art\u00edculo 27 de la ley de leyes puede leerse que la ense\u00f1anza b\u00e1sica ser\u00e1 obligatoria y gratuita. Nada es gratis, ni siquiera los sentimientos. Por eso el hecho de que muchas familias est\u00e9n obligadas a pagar los libros de texto de sus hijos no cuadra en esta partitura indecente de ese derecho fundamental. En el guirigay de competencias que padece nuestro pa\u00eds las alegr\u00edas van por barrios. Andaluc\u00eda mantiene la gratuidad de los libros, mientras que otros han recortado dr\u00e1sticamente las ayudas. El sin par Wert cercena el acceso a la educaci\u00f3n a miles de estudiantes aplicando una m\u00e1xima elitista e injusta que no contempla la singularidad de los afectados. Su ministerio y otros escalones de la Administraci\u00f3n hacen que la vuelta a las aulas provoque que muchos padres se declaren incapaces de afrontar el gasto que conlleva educar a sus hijos. A una familia trabajadora la crujen y estigmatizan. Libros, fichas, material b\u00e1sico y algunas extravagancias constituyen un quebradero de cabeza durante la vuelta al cole. La explosi\u00f3n del mercado de segunda mano ha hecho visible la impunidad con que las autoridades han condenado a los estratos sociales de base. Cogidos de la mano, las editoriales y la pol\u00edtica caminan ufanas. Los textos se reforman un a\u00f1o tras otro para mantener en marcha las rotativas y los balances. Muchos de esos libros esconden trampas que los convierten en inservibles y no puedan ser heredados, a diferencia de lo que ocurr\u00eda en el pasado. Por tanto, si hay que pagar por estudiar y se incumple el mandato constitucional, \u00bfpor qu\u00e9 no se juzga a quienes est\u00e1n delinquiendo? <\/p>\n<p><em>Publicado en El Norte de Castilla el 18 de septiembre de 2013<\/em><\/p>\n","protected":false},"excerpt":{"rendered":"<p>Hace tiempo que una parte sustancial de la Constituci\u00f3n salt\u00f3 por los aires. Por eso resulta estridente que ahora se la invoque como parapeto para evitar consultas secesionistas. Pero regresemos a la cruda realidad, esa que quienes ocupan los despachos soslayan con una frivolidad provocadora. La cantinela de cumplir y hacer cumplir la Carta Magna [&hellip;]<\/p>\n","protected":false},"author":8,"featured_media":0,"comment_status":"open","ping_status":"open","sticky":false,"template":"","format":"standard","meta":[],"categories":[3,8],"tags":[],"_links":{"self":[{"href":"https:\/\/blogs.elnortedecastilla.es\/robertocarbajal\/wp-json\/wp\/v2\/posts\/475"}],"collection":[{"href":"https:\/\/blogs.elnortedecastilla.es\/robertocarbajal\/wp-json\/wp\/v2\/posts"}],"about":[{"href":"https:\/\/blogs.elnortedecastilla.es\/robertocarbajal\/wp-json\/wp\/v2\/types\/post"}],"author":[{"embeddable":true,"href":"https:\/\/blogs.elnortedecastilla.es\/robertocarbajal\/wp-json\/wp\/v2\/users\/8"}],"replies":[{"embeddable":true,"href":"https:\/\/blogs.elnortedecastilla.es\/robertocarbajal\/wp-json\/wp\/v2\/comments?post=475"}],"version-history":[{"count":0,"href":"https:\/\/blogs.elnortedecastilla.es\/robertocarbajal\/wp-json\/wp\/v2\/posts\/475\/revisions"}],"wp:attachment":[{"href":"https:\/\/blogs.elnortedecastilla.es\/robertocarbajal\/wp-json\/wp\/v2\/media?parent=475"}],"wp:term":[{"taxonomy":"category","embeddable":true,"href":"https:\/\/blogs.elnortedecastilla.es\/robertocarbajal\/wp-json\/wp\/v2\/categories?post=475"},{"taxonomy":"post_tag","embeddable":true,"href":"https:\/\/blogs.elnortedecastilla.es\/robertocarbajal\/wp-json\/wp\/v2\/tags?post=475"}],"curies":[{"name":"wp","href":"https:\/\/api.w.org\/{rel}","templated":true}]}}