{"id":476,"date":"2013-09-26T08:07:08","date_gmt":"2013-09-26T07:07:08","guid":{"rendered":"http:\/\/blogs.elnortedecastilla.es\/robertocarbajal\/?p=476"},"modified":"2013-09-26T08:07:08","modified_gmt":"2013-09-26T07:07:08","slug":"papanatismo","status":"publish","type":"post","link":"https:\/\/blogs.elnortedecastilla.es\/robertocarbajal\/2013\/09\/26\/papanatismo\/","title":{"rendered":"Papanatismo"},"content":{"rendered":"<p>Muchos se han quedado pasmados tras la entrevista al papa Francisco publicada en la revista La Civilt\u00e0 Cattolica. \u00bfQu\u00e9 esperaban, banalidades, grandilocuencia? Algunos han perdido los papeles tras leer que el jefe de la Iglesia cat\u00f3lica manda a sus arist\u00f3cratas que corrijan el tiro y se bajen del haiga. Fuera las cruzadas contra los homosexuales, menos obsesi\u00f3n con el aborto y m\u00e1s cercan\u00eda con los que sufren. Ante todo, Jorge Bergoglio pide a los que callan ante el pasmo y a quienes se pavonean entre oropeles que sigan el br\u00edo del Evangelio y las ense\u00f1anzas de Jes\u00fas de Nazaret, una doctrina vapuleada y eclipsada por la coartada intelectual y el fanatismo. El Papa va directo al grano y eso no ha gustado a los pomposos. El pont\u00edfice al que todos ellos alababan por su campechan\u00eda se ha convertido ahora en la bicha que los ha dejado con las verg\u00fcenzas al aire. Quienes de verdad lo celebran son los miembros de la Iglesia de base, voces muy potentes, pero cuyos predicamentos no gozaban del altavoz del poder.<\/p>\n<p>Tambi\u00e9n es de lo m\u00e1s vacuo el debate sobre si el Rey debi\u00f3 ser intervenido en un hospital p\u00fablico, un acto que se entender\u00eda como el claro posicionamiento del monarca en defensa del sistema p\u00fablico de salud, tan necesitado de adeptos. Centr\u00e9monos de una vez: si Don Juan Carlos se opera en una cl\u00ednica privada, mal; si lo hace en un hospital p\u00fablico, peor. Imagino qu\u00e9 suceder\u00eda si el jefe del Estado elige La Paz cada vez que tiene una dolencia (es decir, cada dos por tres). Estoy convencido de que se alzar\u00eda el lelo corifeo que acusar\u00eda a la instituci\u00f3n de trato de favor, que no tiene que soportar la lista de espera como sus s\u00fabditos, que menuda molestia con el servicio de seguridad, que toda una planta para \u00e9l y este tipo de buhoner\u00edas. Lo que importa de veras es el equipo m\u00e9dico y t\u00e9cnico que toquetee el cuerpo del Rey, no el lugar. Puestos a hacer comentarios ramplones, podr\u00edan montar un quir\u00f3fano m\u00f3vil en un teatro, aprovechando que est\u00e1n vac\u00edos gracias a la estupidez humana. Demasiadas frusler\u00edas. <\/p>\n<p><em>Publicado en El Norte de Castilla el 25 de septiembre de 2013<\/em><\/p>\n","protected":false},"excerpt":{"rendered":"<p>Muchos se han quedado pasmados tras la entrevista al papa Francisco publicada en la revista La Civilt\u00e0 Cattolica. \u00bfQu\u00e9 esperaban, banalidades, grandilocuencia? Algunos han perdido los papeles tras leer que el jefe de la Iglesia cat\u00f3lica manda a sus arist\u00f3cratas que corrijan el tiro y se bajen del haiga. Fuera las cruzadas contra los homosexuales, [&hellip;]<\/p>\n","protected":false},"author":8,"featured_media":0,"comment_status":"open","ping_status":"open","sticky":false,"template":"","format":"standard","meta":[],"categories":[3,8,11],"tags":[355,644,692,918],"_links":{"self":[{"href":"https:\/\/blogs.elnortedecastilla.es\/robertocarbajal\/wp-json\/wp\/v2\/posts\/476"}],"collection":[{"href":"https:\/\/blogs.elnortedecastilla.es\/robertocarbajal\/wp-json\/wp\/v2\/posts"}],"about":[{"href":"https:\/\/blogs.elnortedecastilla.es\/robertocarbajal\/wp-json\/wp\/v2\/types\/post"}],"author":[{"embeddable":true,"href":"https:\/\/blogs.elnortedecastilla.es\/robertocarbajal\/wp-json\/wp\/v2\/users\/8"}],"replies":[{"embeddable":true,"href":"https:\/\/blogs.elnortedecastilla.es\/robertocarbajal\/wp-json\/wp\/v2\/comments?post=476"}],"version-history":[{"count":0,"href":"https:\/\/blogs.elnortedecastilla.es\/robertocarbajal\/wp-json\/wp\/v2\/posts\/476\/revisions"}],"wp:attachment":[{"href":"https:\/\/blogs.elnortedecastilla.es\/robertocarbajal\/wp-json\/wp\/v2\/media?parent=476"}],"wp:term":[{"taxonomy":"category","embeddable":true,"href":"https:\/\/blogs.elnortedecastilla.es\/robertocarbajal\/wp-json\/wp\/v2\/categories?post=476"},{"taxonomy":"post_tag","embeddable":true,"href":"https:\/\/blogs.elnortedecastilla.es\/robertocarbajal\/wp-json\/wp\/v2\/tags?post=476"}],"curies":[{"name":"wp","href":"https:\/\/api.w.org\/{rel}","templated":true}]}}