{"id":482,"date":"2013-10-17T08:07:50","date_gmt":"2013-10-17T07:07:50","guid":{"rendered":"http:\/\/blogs.elnortedecastilla.es\/robertocarbajal\/?p=482"},"modified":"2013-10-17T08:07:50","modified_gmt":"2013-10-17T07:07:50","slug":"el-submarino-de-gila","status":"publish","type":"post","link":"https:\/\/blogs.elnortedecastilla.es\/robertocarbajal\/2013\/10\/17\/el-submarino-de-gila\/","title":{"rendered":"El submarino de Gila"},"content":{"rendered":"<p>Ll\u00e1menme puntilloso, ingenuo o demagogo, pero Espa\u00f1a es incapaz de construir submarinos sin ayuda externa. El pa\u00eds que alumbr\u00f3 a Narciso Monturiol e Isaac Peral no fue ni ser\u00e1 el mejor lugar para que nuestros inventores desarrollen su talento. Monturiol cre\u00f3 el primer sumergible operativo en el siglo XIX. Demostr\u00f3 que funcionaba ante las autoridades de la \u00e9poca, las mismas que luego despacharon con desd\u00e9n a nuestro hombre, mostr\u00e1ndole su desinter\u00e9s por el artilugio. A\u00f1os despu\u00e9s, a Peral le fue algo mejor que al catal\u00e1n, pero no para tirar cohetes. El submarino del murciano fue el primero en lanzar torpedos, estaba dotado de un periscopio y se sumerg\u00eda y emerg\u00eda sin problemas. Lo normal. Por orden de la reina regente Mar\u00eda Cristina, los mandamases de la \u00e9poca sucumbieron al escepticismo y se permiti\u00f3 demostrar al bueno de Isaac que su invento era fiable. Por razones que se desconocen aunque se intuyan, el artefacto tampoco hizo sucumbir a la cerraz\u00f3n pol\u00edtica. Total, la concepci\u00f3n de Peral era una frusler\u00eda m\u00e1s: el primer submarino de guerra de la Historia que funcionaba. Otras naciones lo desarrollaron. Todo muy espa\u00f1ol.<\/p>\n<p>Navantia construye un submarino que puede sumergirse pero no emerger. Ser\u00eda un detalle sin importancia si no fuera porque los cuatro ejemplares costar\u00e1n al menos 3.000 millones, de los que ochocientos se destinar\u00e1n a alargar el casco. Estados Unidos subsanar\u00e1 la extravagancia consistente en que giran sobre s\u00ed mismos, los habilitar\u00e1 para que floten y deslumbren al enemigo. Se err\u00f3 en el punto de gravedad; qu\u00e9 le vamos a hacer. La broma a\u00f1ade veinte toneladas extra a cada uno: mala noticia para llenar el dep\u00f3sito. El gobierno de ZP puso en marcha el proyecto y ahora lo pilota Rajoy, q. s. g. h. La imagen de Navantia ha sufrido un varapalo tremendo. Antes era un adalid de la Marca Espa\u00f1a y preocupa la imagen que est\u00e1 proyectando por este fiasco. El asunto rememora los famosos fusiles sin agujero de los de renegaba Miguel Gila, un humorista que cobraba por hacernos re\u00edr, no por llorar.<\/p>\n<p><em>Publicado en El Norte de Castilla el 16 de octubre de 2013<\/em><\/p>\n","protected":false},"excerpt":{"rendered":"<p>Ll\u00e1menme puntilloso, ingenuo o demagogo, pero Espa\u00f1a es incapaz de construir submarinos sin ayuda externa. El pa\u00eds que alumbr\u00f3 a Narciso Monturiol e Isaac Peral no fue ni ser\u00e1 el mejor lugar para que nuestros inventores desarrollen su talento. Monturiol cre\u00f3 el primer sumergible operativo en el siglo XIX. Demostr\u00f3 que funcionaba ante las autoridades [&hellip;]<\/p>\n","protected":false},"author":8,"featured_media":0,"comment_status":"open","ping_status":"open","sticky":false,"template":"","format":"standard","meta":[],"categories":[3,8],"tags":[603,855,1128],"_links":{"self":[{"href":"https:\/\/blogs.elnortedecastilla.es\/robertocarbajal\/wp-json\/wp\/v2\/posts\/482"}],"collection":[{"href":"https:\/\/blogs.elnortedecastilla.es\/robertocarbajal\/wp-json\/wp\/v2\/posts"}],"about":[{"href":"https:\/\/blogs.elnortedecastilla.es\/robertocarbajal\/wp-json\/wp\/v2\/types\/post"}],"author":[{"embeddable":true,"href":"https:\/\/blogs.elnortedecastilla.es\/robertocarbajal\/wp-json\/wp\/v2\/users\/8"}],"replies":[{"embeddable":true,"href":"https:\/\/blogs.elnortedecastilla.es\/robertocarbajal\/wp-json\/wp\/v2\/comments?post=482"}],"version-history":[{"count":0,"href":"https:\/\/blogs.elnortedecastilla.es\/robertocarbajal\/wp-json\/wp\/v2\/posts\/482\/revisions"}],"wp:attachment":[{"href":"https:\/\/blogs.elnortedecastilla.es\/robertocarbajal\/wp-json\/wp\/v2\/media?parent=482"}],"wp:term":[{"taxonomy":"category","embeddable":true,"href":"https:\/\/blogs.elnortedecastilla.es\/robertocarbajal\/wp-json\/wp\/v2\/categories?post=482"},{"taxonomy":"post_tag","embeddable":true,"href":"https:\/\/blogs.elnortedecastilla.es\/robertocarbajal\/wp-json\/wp\/v2\/tags?post=482"}],"curies":[{"name":"wp","href":"https:\/\/api.w.org\/{rel}","templated":true}]}}