{"id":484,"date":"2013-10-24T19:31:37","date_gmt":"2013-10-24T18:31:37","guid":{"rendered":"http:\/\/blogs.elnortedecastilla.es\/robertocarbajal\/?p=484"},"modified":"2013-10-24T19:31:37","modified_gmt":"2013-10-24T18:31:37","slug":"in-memoriam-2","status":"publish","type":"post","link":"https:\/\/blogs.elnortedecastilla.es\/robertocarbajal\/2013\/10\/24\/in-memoriam-2\/","title":{"rendered":"In mem\u00f3riam"},"content":{"rendered":"<p>Reconozco que no soy un fan de Manolo Escobar, aunque s\u00ed de la gente honesta, trabajadora y que cree en lo que hace. No conoc\u00eda a Manolo Escobar, salvo las an\u00e9cdotas que me contaba mi padre. \u00c9l y su orquesta acompa\u00f1aron a este infatigable artista en varias ocasiones. Escobar hac\u00eda sus bolos por provincias y, tambi\u00e9n por los setenta y ochenta, se buscaba ahorrar costes; eso s\u00ed, sin que se resintiera la calidad. As\u00ed que dejaba a sus acompa\u00f1antes de siempre en casa y actuaba con unos m\u00fasicos modestos pero formidables.<\/p>\n<p>Y es en ese punto en el que entr\u00f3 en escena la Orquesta Montecarlo. Todos ellos eran maestros (si se me permite) a la antigua usanza, serios y entregados &#8216;a la causa&#8217;. Le\u00edan partituras con la misma facilitad de quienes hilvanan versos del Cor\u00e1n o la Tor\u00e1. Cuando Manolo Escobar viajaba por estas tierras castellanas y leonesas, la Orquesta Montecarlo acompa\u00f1aba al sencillo de Manolo. Mi padre y sus compa\u00f1eros se hac\u00edan a todo: transportaban y acomodaban el repertorio en funci\u00f3n de c\u00f3mo se encontrase el artista que hoy acaba de fallecer. &#8220;Maestro, a ver si me lo puede bajar un tono, que hoy no tengo la voz para bromas.&#8221; Sin problemas: donde ve\u00edan un re le\u00edan un do. &#8220;No se preocupe, don Manuel.&#8221; As\u00ed eran estos m\u00fasicos que recorr\u00edan el oeste de la Pen\u00ednsula en un furg\u00f3n y, m\u00e1s tarde, en uno de esos trailers con todo el material. <\/p>\n<p>Da mucha tranquilidad viajar sin tu propia orquesta sabiendo que cantas en Salamanca o Zamora y cuentas con un modesto grupo de m\u00fasicos desconocidos que hacen que tus canciones brillen tanto como deseas. Mi padre y sus colegas eran unos todoterrenos. Entre corcheas, blancas y negras disfrutaron de la sencillez y bonhom\u00eda de Manuel Garc\u00eda Escobar, un artista incansable que llev\u00f3 el nombre de Espa\u00f1a por medio mundo. Incluso, hasta la Uni\u00f3n Sovi\u00e9tica, que ya es echarle bemoles. Todav\u00eda hoy es posible encontrar en Rusia discos de Escobar y versiones en ingl\u00e9s de su &#8220;\u00a1Que viva Espa\u00f1a!&#8221;.<\/p>\n<p>Me produce cierta melancol\u00eda recordar aquellas charlas alrededor de una camilla tras la cena familiar. An\u00e9cdotas y kil\u00f3metros que hoy, con la muerte de un coloso, y ayer, con la ida de otro, me enturbian el alma.<\/p>\n<p>Descansen en paz ambos, por separado.<\/p>\n","protected":false},"excerpt":{"rendered":"<p>Reconozco que no soy un fan de Manolo Escobar, aunque s\u00ed de la gente honesta, trabajadora y que cree en lo que hace. No conoc\u00eda a Manolo Escobar, salvo las an\u00e9cdotas que me contaba mi padre. \u00c9l y su orquesta acompa\u00f1aron a este infatigable artista en varias ocasiones. Escobar hac\u00eda sus bolos por provincias y, [&hellip;]<\/p>\n","protected":false},"author":8,"featured_media":0,"comment_status":"open","ping_status":"open","sticky":false,"template":"","format":"standard","meta":[],"categories":[3],"tags":[],"_links":{"self":[{"href":"https:\/\/blogs.elnortedecastilla.es\/robertocarbajal\/wp-json\/wp\/v2\/posts\/484"}],"collection":[{"href":"https:\/\/blogs.elnortedecastilla.es\/robertocarbajal\/wp-json\/wp\/v2\/posts"}],"about":[{"href":"https:\/\/blogs.elnortedecastilla.es\/robertocarbajal\/wp-json\/wp\/v2\/types\/post"}],"author":[{"embeddable":true,"href":"https:\/\/blogs.elnortedecastilla.es\/robertocarbajal\/wp-json\/wp\/v2\/users\/8"}],"replies":[{"embeddable":true,"href":"https:\/\/blogs.elnortedecastilla.es\/robertocarbajal\/wp-json\/wp\/v2\/comments?post=484"}],"version-history":[{"count":0,"href":"https:\/\/blogs.elnortedecastilla.es\/robertocarbajal\/wp-json\/wp\/v2\/posts\/484\/revisions"}],"wp:attachment":[{"href":"https:\/\/blogs.elnortedecastilla.es\/robertocarbajal\/wp-json\/wp\/v2\/media?parent=484"}],"wp:term":[{"taxonomy":"category","embeddable":true,"href":"https:\/\/blogs.elnortedecastilla.es\/robertocarbajal\/wp-json\/wp\/v2\/categories?post=484"},{"taxonomy":"post_tag","embeddable":true,"href":"https:\/\/blogs.elnortedecastilla.es\/robertocarbajal\/wp-json\/wp\/v2\/tags?post=484"}],"curies":[{"name":"wp","href":"https:\/\/api.w.org\/{rel}","templated":true}]}}