{"id":486,"date":"2013-10-31T08:07:41","date_gmt":"2013-10-31T07:07:41","guid":{"rendered":"http:\/\/blogs.elnortedecastilla.es\/robertocarbajal\/?p=486"},"modified":"2013-10-31T08:07:41","modified_gmt":"2013-10-31T07:07:41","slug":"la-momia-de-isidoro","status":"publish","type":"post","link":"https:\/\/blogs.elnortedecastilla.es\/robertocarbajal\/2013\/10\/31\/la-momia-de-isidoro\/","title":{"rendered":"La momia de &#039;Isidoro&#039;"},"content":{"rendered":"<p>Felipe Gonz\u00e1lez ha creado una fundaci\u00f3n que lleva su nombre y que busca (\u00a1) estudiar su figura. \u00c9l la preside, su hija Mar\u00eda act\u00faa como secretaria y el exministro de Educaci\u00f3n Jos\u00e9 Mar\u00eda Maravall opera como tercero en discordia. Suena redundante y empalagoso. \u00bfQu\u00e9 diablos es este entramado? Apenas sabemos que ha iniciado su andadura y este engendro ya desprende un tufo a egocentrismo desconcertante. Nace con 30.000 euros, que engordar\u00e1n cuando los m\u00e1s intr\u00e9pidos se adentren en la figura del expresidente y los advenedizos e incautos arrimen la cartera. Tambi\u00e9n pone a disposici\u00f3n de los estudiosos la documentaci\u00f3n del interfecto, la difusi\u00f3n de la reciente historia de Espa\u00f1a y el paquete subyacente, vistiendo de Balenciaga la desnudez de uno de los pecados capitales. Se supone que este tratado de vanidad reciba subvenciones o que canalice los ingresos de Gonz\u00e1lez por la senda de la benevolencia fiscal.<\/p>\n<p>Hemos de reconocer que Felipe Gonz\u00e1lez port\u00f3 uno de los estandartes en la primera Transici\u00f3n espa\u00f1ola. Su carisma y visi\u00f3n contribuyeron a la modernizaci\u00f3n del pa\u00eds y nadie como \u00e9l alent\u00f3 con tanto entusiasmo el europe\u00edsmo. Al margen de los esc\u00e1ndalos que acabaron con sus pretensiones de eternizarse en el poder, todo el mundo elogia su brillantez. Son las luces y sombras que envuelven a los proclamados como grandes hombres. Pero el esplendor empeque\u00f1ece esa grandeza cuando a los hagi\u00f3grafos se les va la mano al ensalzar en demas\u00eda a los personajes hist\u00f3ricos, pobres seres mortales. Y quiz\u00e1 sea esa levedad de la vida la raz\u00f3n que impele a este notable a proclamarse acreedor de la gloria y que erijan una pir\u00e1mide en su nombre. Tal vez los arque\u00f3logos del futuro encuentren los restos de \u2018Isidoro\u2019 bien calientes e iluminados gracias a sus enchufes, exudando placer y abigarrados con su americana de pana. Felipe asegura que los expresidentes en Espa\u00f1a son como los jarrones chinos: no sabes d\u00f3nde ponerlos. Pues bien, ahora ya sabe en qu\u00e9 desea convertirse. En vez de una obra de porcelana, ser\u00e1 una momia andaluza.   <\/p>\n<p>blogs.nortecastilla.es\/robertocarbajal<\/p>\n","protected":false},"excerpt":{"rendered":"<p>Felipe Gonz\u00e1lez ha creado una fundaci\u00f3n que lleva su nombre y que busca (\u00a1) estudiar su figura. \u00c9l la preside, su hija Mar\u00eda act\u00faa como secretaria y el exministro de Educaci\u00f3n Jos\u00e9 Mar\u00eda Maravall opera como tercero en discordia. Suena redundante y empalagoso. \u00bfQu\u00e9 diablos es este entramado? Apenas sabemos que ha iniciado su andadura [&hellip;]<\/p>\n","protected":false},"author":8,"featured_media":0,"comment_status":"open","ping_status":"open","sticky":false,"template":"","format":"standard","meta":[],"categories":[3,8],"tags":[129,441],"_links":{"self":[{"href":"https:\/\/blogs.elnortedecastilla.es\/robertocarbajal\/wp-json\/wp\/v2\/posts\/486"}],"collection":[{"href":"https:\/\/blogs.elnortedecastilla.es\/robertocarbajal\/wp-json\/wp\/v2\/posts"}],"about":[{"href":"https:\/\/blogs.elnortedecastilla.es\/robertocarbajal\/wp-json\/wp\/v2\/types\/post"}],"author":[{"embeddable":true,"href":"https:\/\/blogs.elnortedecastilla.es\/robertocarbajal\/wp-json\/wp\/v2\/users\/8"}],"replies":[{"embeddable":true,"href":"https:\/\/blogs.elnortedecastilla.es\/robertocarbajal\/wp-json\/wp\/v2\/comments?post=486"}],"version-history":[{"count":0,"href":"https:\/\/blogs.elnortedecastilla.es\/robertocarbajal\/wp-json\/wp\/v2\/posts\/486\/revisions"}],"wp:attachment":[{"href":"https:\/\/blogs.elnortedecastilla.es\/robertocarbajal\/wp-json\/wp\/v2\/media?parent=486"}],"wp:term":[{"taxonomy":"category","embeddable":true,"href":"https:\/\/blogs.elnortedecastilla.es\/robertocarbajal\/wp-json\/wp\/v2\/categories?post=486"},{"taxonomy":"post_tag","embeddable":true,"href":"https:\/\/blogs.elnortedecastilla.es\/robertocarbajal\/wp-json\/wp\/v2\/tags?post=486"}],"curies":[{"name":"wp","href":"https:\/\/api.w.org\/{rel}","templated":true}]}}