{"id":487,"date":"2013-11-07T08:07:02","date_gmt":"2013-11-07T07:07:02","guid":{"rendered":"http:\/\/blogs.elnortedecastilla.es\/robertocarbajal\/?p=487"},"modified":"2013-11-07T08:07:02","modified_gmt":"2013-11-07T07:07:02","slug":"wert-contra-erasmus","status":"publish","type":"post","link":"https:\/\/blogs.elnortedecastilla.es\/robertocarbajal\/2013\/11\/07\/wert-contra-erasmus\/","title":{"rendered":"Wert contra Erasmus"},"content":{"rendered":"<p>El Gobierno de Espa\u00f1a ha sumido a sus s\u00fabditos en un sinvivir. \u00bfQu\u00e9 tienen algunos ministros contra los ciudadanos? La situaci\u00f3n que ha creado el PP desde que lleg\u00f3 al poder mediante falsas promesas es insostenible. Comenzaron demoliendo las joyas de la corona y se aplicaron en cambiar las reglas del juego en mitad del partido. El ministro Soria abofete\u00f3 a quienes invirtieron en energ\u00edas alternativas; los ha vuelto locos, tiemblan por la inseguridad jur\u00eddica generada. Ahora llega otra vuelta de tuerca del inefable Jos\u00e9 Ignacio Wert. Se ha empleado a fondo para sacar de sus casillas a la ense\u00f1anza al completo con su incalificable ley. Ayer, sumido en pleno ceremonial sanguinario, aument\u00f3 un par de grados el estado de provocaci\u00f3n que lo ha convertido en una detestable celebridad. Cuando los estudiantes del programa Erasmus llevaban dos meses de curso en otros pa\u00edses europeos, llega Wert con su rica escudera y cient\u00edfica, Montserrat Gomendio, y anuncian que les retiran la beca. Muchos de estos estudiantes no iban a poder subsistir, porque provienen de familias humildes. La presi\u00f3n del PP y del Gobierno ha hecho que el ministro se la envaine, as\u00ed que la medida queda sin efecto, al menos por este a\u00f1o. Estas becas promueven el intercambio cultural y ampl\u00edan horizontes. Hacen posible que alumbre una generaci\u00f3n de ciudadanos mejor formados. Se trata de j\u00f3venes que conocer\u00e1n otras lenguas, diferentes modos de pensar y sumergirse en el proyecto europeo, necesitado de una revitalizaci\u00f3n urgente. \u00bfNo aseguraban que Europa no es el extranjero y que nuestros j\u00f3venes deben aceptar que estar\u00e1n estudiando o trabajando \u2018en casa\u2019? (Gonz\u00e1lez Pons \u2018dixit\u2019.)<\/p>\n<p>Mientras, la partida presupuestaria prevista para este ejercicio crece donde apesta. Asesores, 28 millones m\u00e1s; altos cargos, un 5%, cuando anunciaron reducir ambas parcelas. \u00bfA qu\u00e9 juega esta gente? Erasmo de R\u00f3terdam odiaba la disciplina acad\u00e9mica; Wert se sumergi\u00f3 en ella para brillar, de ah\u00ed el enfrentamiento. Ha reculado, as\u00ed que ahora s\u00f3lo tiene que dimitir.  <\/p>\n<p><em>Publicado en El Norte de Castilla el 6 de noviembre de 2013<\/em><\/p>\n","protected":false},"excerpt":{"rendered":"<p>El Gobierno de Espa\u00f1a ha sumido a sus s\u00fabditos en un sinvivir. \u00bfQu\u00e9 tienen algunos ministros contra los ciudadanos? La situaci\u00f3n que ha creado el PP desde que lleg\u00f3 al poder mediante falsas promesas es insostenible. Comenzaron demoliendo las joyas de la corona y se aplicaron en cambiar las reglas del juego en mitad del [&hellip;]<\/p>\n","protected":false},"author":8,"featured_media":0,"comment_status":"open","ping_status":"open","sticky":false,"template":"","format":"standard","meta":[],"categories":[3,8],"tags":[402,1242],"_links":{"self":[{"href":"https:\/\/blogs.elnortedecastilla.es\/robertocarbajal\/wp-json\/wp\/v2\/posts\/487"}],"collection":[{"href":"https:\/\/blogs.elnortedecastilla.es\/robertocarbajal\/wp-json\/wp\/v2\/posts"}],"about":[{"href":"https:\/\/blogs.elnortedecastilla.es\/robertocarbajal\/wp-json\/wp\/v2\/types\/post"}],"author":[{"embeddable":true,"href":"https:\/\/blogs.elnortedecastilla.es\/robertocarbajal\/wp-json\/wp\/v2\/users\/8"}],"replies":[{"embeddable":true,"href":"https:\/\/blogs.elnortedecastilla.es\/robertocarbajal\/wp-json\/wp\/v2\/comments?post=487"}],"version-history":[{"count":0,"href":"https:\/\/blogs.elnortedecastilla.es\/robertocarbajal\/wp-json\/wp\/v2\/posts\/487\/revisions"}],"wp:attachment":[{"href":"https:\/\/blogs.elnortedecastilla.es\/robertocarbajal\/wp-json\/wp\/v2\/media?parent=487"}],"wp:term":[{"taxonomy":"category","embeddable":true,"href":"https:\/\/blogs.elnortedecastilla.es\/robertocarbajal\/wp-json\/wp\/v2\/categories?post=487"},{"taxonomy":"post_tag","embeddable":true,"href":"https:\/\/blogs.elnortedecastilla.es\/robertocarbajal\/wp-json\/wp\/v2\/tags?post=487"}],"curies":[{"name":"wp","href":"https:\/\/api.w.org\/{rel}","templated":true}]}}