{"id":489,"date":"2013-11-14T08:07:02","date_gmt":"2013-11-14T07:07:02","guid":{"rendered":"http:\/\/blogs.elnortedecastilla.es\/robertocarbajal\/?p=489"},"modified":"2013-11-14T08:07:02","modified_gmt":"2013-11-14T07:07:02","slug":"las-ratas-y-la-nini","status":"publish","type":"post","link":"https:\/\/blogs.elnortedecastilla.es\/robertocarbajal\/2013\/11\/14\/las-ratas-y-la-nini\/","title":{"rendered":"Las ratas y la Nini"},"content":{"rendered":"<p>Madrid ha descubierto la verdadera cara de la basura. Pasear por sus calles se ha convertido en un deporte de riesgo. Los sufridos contribuyentes de la capital de Espa\u00f1a no pueden siquiera caminar en l\u00ednea recta, lo que acrecienta los tiempos de desplazamiento. La ciudad se ha convertido en un serpenteante vertedero multicolor, en cuyas v\u00edas fermentan las verg\u00fcenzas de los despachos. Los paseantes se topan desde hace d\u00edas con toda clase de vidrios, salvo con la botella principal, la alcaldesa desaparecida de la trinchera hedionda. Ana \u00cddem asegura que el Ayuntamiento no tiene nada que ver en este berenjenal y lanza las bolsas sobre el tejado de las concesionarias, donantes muy populares. Los trabajadores no ceden ante la mis\u00e9rrima perspectiva laboral que les plantean y el asunto va para largo. El diario conservador alem\u00e1n Frankfurter Allgemeine Zeitung se mofaba ayer del conflicto, y ven\u00eda a decir que no tenemos dinero ni para recoger la basura. Estoy de acuerdo: no hay suficientes recursos en Espa\u00f1a para eliminar tanta mierda; nos llega hasta el cuello y gran parte de ella se lanza desde las alturas.<\/p>\n<p>Dice el refr\u00e1n que quienes comparten colch\u00f3n se vuelven de la misma condici\u00f3n. En el caso que nos ocupa, los vasos comunicantes del riego sangu\u00edneo de los Aznar se ha transformado en un reflujo \u00e1cido y fecal. Cuando esta pareja abre la boca, todo el mundo al suelo, que vuela la tonter\u00eda. La alcaldesa madrile\u00f1a desaparece durante las desgracias. Su ciudad pronto ser\u00e1 tomada por las ratas, que ya campan a sus anchas en ese gigantesco fig\u00f3n capitalino. Los pobres podr\u00e1n comer; no la basura, que est\u00e1 mutando en metano, sino ratas. Como narrase Delibes en su obra, el Ratero tiene a su sobrino el Nini cazando esta indestructible especie. El escritor verti\u00f3 en su novela una cr\u00edtica social que puede ser trasladable a la Espa\u00f1a actual sin perder un \u00e1pice de frescura. En la Villa y Corte anida una alcaldesa incapaz. Es torpe, imita a los lelos y se muestra huidiza. Es la Nini de Madrid. Ni sabe ni contesta.<\/p>\n<p><em>Publicado en El Norte de Castilla el 13 de noviembre de 2013<\/em><\/p>\n","protected":false},"excerpt":{"rendered":"<p>Madrid ha descubierto la verdadera cara de la basura. Pasear por sus calles se ha convertido en un deporte de riesgo. Los sufridos contribuyentes de la capital de Espa\u00f1a no pueden siquiera caminar en l\u00ednea recta, lo que acrecienta los tiempos de desplazamiento. La ciudad se ha convertido en un serpenteante vertedero multicolor, en cuyas [&hellip;]<\/p>\n","protected":false},"author":8,"featured_media":0,"comment_status":"open","ping_status":"open","sticky":false,"template":"","format":"standard","meta":[],"categories":[3,8],"tags":[],"_links":{"self":[{"href":"https:\/\/blogs.elnortedecastilla.es\/robertocarbajal\/wp-json\/wp\/v2\/posts\/489"}],"collection":[{"href":"https:\/\/blogs.elnortedecastilla.es\/robertocarbajal\/wp-json\/wp\/v2\/posts"}],"about":[{"href":"https:\/\/blogs.elnortedecastilla.es\/robertocarbajal\/wp-json\/wp\/v2\/types\/post"}],"author":[{"embeddable":true,"href":"https:\/\/blogs.elnortedecastilla.es\/robertocarbajal\/wp-json\/wp\/v2\/users\/8"}],"replies":[{"embeddable":true,"href":"https:\/\/blogs.elnortedecastilla.es\/robertocarbajal\/wp-json\/wp\/v2\/comments?post=489"}],"version-history":[{"count":0,"href":"https:\/\/blogs.elnortedecastilla.es\/robertocarbajal\/wp-json\/wp\/v2\/posts\/489\/revisions"}],"wp:attachment":[{"href":"https:\/\/blogs.elnortedecastilla.es\/robertocarbajal\/wp-json\/wp\/v2\/media?parent=489"}],"wp:term":[{"taxonomy":"category","embeddable":true,"href":"https:\/\/blogs.elnortedecastilla.es\/robertocarbajal\/wp-json\/wp\/v2\/categories?post=489"},{"taxonomy":"post_tag","embeddable":true,"href":"https:\/\/blogs.elnortedecastilla.es\/robertocarbajal\/wp-json\/wp\/v2\/tags?post=489"}],"curies":[{"name":"wp","href":"https:\/\/api.w.org\/{rel}","templated":true}]}}